{"id":80488,"date":"2021-08-07T10:18:38","date_gmt":"2021-08-07T13:18:38","guid":{"rendered":"https:\/\/tvtecjundiai.com.br\/news\/?p=80488"},"modified":"2021-08-07T10:18:42","modified_gmt":"2021-08-07T13:18:42","slug":"potencialidades-geradas-pela-preservacao-e-tema-de-mesa-redonda-do-mes-do-patrimonio","status":"publish","type":"post","link":"https:\/\/tvtecjundiai.com.br\/news\/2021\/08\/07\/potencialidades-geradas-pela-preservacao-e-tema-de-mesa-redonda-do-mes-do-patrimonio\/","title":{"rendered":"Potencialidades geradas pela preserva\u00e7\u00e3o \u00e9 tema de mesa-redonda do M\u00eas do Patrim\u00f4nio"},"content":{"rendered":"\n<p>A programa\u00e7\u00e3o tem\u00e1tica do&nbsp;<a href=\"https:\/\/cultura.jundiai.sp.gov.br\/mesdopatrimonio\/\" target=\"_blank\" rel=\"noreferrer noopener\">M\u00eas do Patrim\u00f4nio Hist\u00f3rico e Cultural 2021<\/a>&nbsp;da tarde desta sexta-feira (06) trouxe como mesa-redonda com especialistas um debate sobre as potencialidades e oportunidades geradas pela preserva\u00e7\u00e3o do Patrim\u00f4nio Hist\u00f3rico.<\/p>\n\n\n\n<p>O M\u00eas do Patrim\u00f4nio \u00e9 uma realiza\u00e7\u00e3o da Unidade de Gest\u00e3o de Cultura (UGC), com transmiss\u00e3o ao vivo por seus canais no Facebook e YouTube, e tradu\u00e7\u00e3o simult\u00e2nea em L\u00edngua Brasileira de Sinais (Libras). Quem n\u00e3o acompanhou a transmiss\u00e3o poder\u00e1 assistir ao v\u00eddeo, que segue dispon\u00edvel.<\/p>\n\n\n\n<p>Segundo o diretor do Departamento de Patrim\u00f4nio Hist\u00f3rico da UGC, Elizeu Marcos Franco, convidados trouxeram para o debate uma pluralidade de pr\u00e1ticas e casos de preserva\u00e7\u00e3o. \u201cCom exemplos de Jundia\u00ed, Campinas e de Berlim, as apresenta\u00e7\u00f5es possibilitaram a compreens\u00e3o de instrumentos e oportunidades para n\u00e3o s\u00f3 preservar o patrim\u00f4nio, como torn\u00e1-lo um ativo financeiro. Mas isso depende da compreens\u00e3o dos atores envolvidos, que s\u00e3o o Poder P\u00fablico, os profissionais, propriet\u00e1rios e os usu\u00e1rios. As oportunidades existem, mas \u00e9 necess\u00e1rio compreend\u00ea-las para delas fazer uso\u201d.<\/p>\n\n\n\n<figure class=\"wp-block-image\"><img decoding=\"async\" src=\"https:\/\/jundiai.sp.gov.br\/noticias\/wp-content\/uploads\/sites\/32\/2021\/08\/mes_patrimonio_06_agosto-2.png\" alt=\"\" class=\"wp-image-273899\" \/><figcaption>Convidados trataram das potencialidades e oportunidades geradas pela preserva\u00e7\u00e3o do Patrim\u00f4nio Hist\u00f3rico<\/figcaption><\/figure>\n\n\n\n<p>A professora dr\u00aa. Ana Paula Farah, da Faculdade de Arquitetura e Urbanismo da PUC Campinas, contextualizou as bases legais e conceituais da prote\u00e7\u00e3o e como elas se refletem nas pol\u00edticas e pr\u00e1ticas de preserva\u00e7\u00e3o. Como exemplo de oportunidade, mostrou como atrav\u00e9s da articula\u00e7\u00e3o entre poder p\u00fablico e mercado imobili\u00e1rio, por meio da venda de potencial construtivo, foi poss\u00edvel promover o restauro do externato S\u00e3o Jo\u00e3o de Campinas.<\/p>\n\n\n\n<p>J\u00e1 a arquiteta e urbanista professora Ms. Lara Melo Souza, que trabalha no escrit\u00f3rio KSP Engel Architekten na Alemanha, compartilhou a experi\u00eancia alem\u00e3 e de Berlim na preserva\u00e7\u00e3o do Patrim\u00f4nio, e como, apesar de competir ao Estado essa tarefa, \u00e9 oferecida \u00e0 popula\u00e7\u00e3o a possibilidade de participar das decis\u00f5es.<\/p>\n\n\n\n<p>O arquiteto e urbanista Bruno Ferrari, do Departamento de Projetos Urbanos da Unidade de Gest\u00e3o de Planejamento Urbano e Meio Ambiente (UGPUMA) da Prefeitura de Jundia\u00ed, compartilhou projetos da Unidade para o Centro Hist\u00f3rico do Munic\u00edpio, em conjunto com as iniciativas do programa&nbsp;<a rel=\"noreferrer noopener\" href=\"https:\/\/cidadedascriancas.jundiai.sp.gov.br\/\" target=\"_blank\">Cidade das Crian\u00e7as<\/a>. Em sua apresenta\u00e7\u00e3o, mostrou ainda como a preserva\u00e7\u00e3o tamb\u00e9m se faz por meio do desenho urbano e ressaltou a import\u00e2ncia da rela\u00e7\u00e3o entre os bens tombados ou protegidos e suas ambi\u00eancias.<\/p>\n\n\n\n<p>Representando o Conselho Municipal do Patrim\u00f4nio Cultural de Jundia\u00ed (Compac), o advogado Conselheiro-Secret\u00e1rio Eraz\u00ea Sutti e a arquiteta e urbanista Tatiana Reis Pimenta trataram, respectivamente, dos instrumentos legais e urban\u00edsticos da preserva\u00e7\u00e3o patrimonial presentes no Plano Diretor municipal.<\/p>\n\n\n\n<p><strong>Mais M\u00eas do Patrim\u00f4nio<\/strong><br>A programa\u00e7\u00e3o segue na segunda-feira (09), \u00e0s 14h30, com a palestra \u201cAs Fontes Prim\u00e1rias e Secund\u00e1rias locais como subs\u00eddios para a preserva\u00e7\u00e3o da Mem\u00f3ria e da Hist\u00f3ria de Jundia\u00ed\u201d. O convidado especial \u00e9 Paulo Vicentini, diretor do Departamento de Museus da UGC, respons\u00e1vel, entre outros, pelo Museu Hist\u00f3rico e Cultural \u2013 Solar do Bar\u00e3o e pelo Arquivo Hist\u00f3rico municipal. O encontro tamb\u00e9m ser\u00e1 transmitido pelos canais da Cultura no Facebook e YouTube.<\/p>\n\n\n\n<p>J\u00e1 entre os dias 25 e 28 de agosto, como parte da programa\u00e7\u00e3o do M\u00eas, ser\u00e1 realizada ainda a 9\u00aa edi\u00e7\u00e3o do Simp\u00f3sio sobre o Patrim\u00f4nio Material e Imaterial. O tema este ano \u00e9: \u201cTurismo, territ\u00f3rio e educa\u00e7\u00e3o patrimonial: desafios no contexto da pandemia da Covid-19\u2033.<\/p>\n\n\n\n<p>A programa\u00e7\u00e3o completa pode ser conferida no\u00a0<a rel=\"noreferrer noopener\" href=\"https:\/\/cultura.jundiai.sp.gov.br\/mesdopatrimonio\/\" target=\"_blank\">hotsite do evento<\/a>.<\/p>\n\n\n\n<p><em>(Fonte\/Imagem: Prefeitura de Jundia\u00ed)<\/em><\/p>\n","protected":false},"excerpt":{"rendered":"<p>A programa\u00e7\u00e3o segue na segunda-feira (09), \u00e0s 14h30, com palestra on-line<\/p>\n","protected":false},"author":17,"featured_media":80489,"comment_status":"closed","ping_status":"closed","sticky":false,"template":"","format":"standard","meta":{"footnotes":""},"categories":[2833,8356,1],"tags":[],"class_list":["post-80488","post","type-post","status-publish","format-standard","has-post-thumbnail","hentry","category-cultura","category-jundiai","category-noticias"],"_links":{"self":[{"href":"https:\/\/tvtecjundiai.com.br\/news\/wp-json\/wp\/v2\/posts\/80488","targetHints":{"allow":["GET"]}}],"collection":[{"href":"https:\/\/tvtecjundiai.com.br\/news\/wp-json\/wp\/v2\/posts"}],"about":[{"href":"https:\/\/tvtecjundiai.com.br\/news\/wp-json\/wp\/v2\/types\/post"}],"author":[{"embeddable":true,"href":"https:\/\/tvtecjundiai.com.br\/news\/wp-json\/wp\/v2\/users\/17"}],"replies":[{"embeddable":true,"href":"https:\/\/tvtecjundiai.com.br\/news\/wp-json\/wp\/v2\/comments?post=80488"}],"version-history":[{"count":1,"href":"https:\/\/tvtecjundiai.com.br\/news\/wp-json\/wp\/v2\/posts\/80488\/revisions"}],"predecessor-version":[{"id":80490,"href":"https:\/\/tvtecjundiai.com.br\/news\/wp-json\/wp\/v2\/posts\/80488\/revisions\/80490"}],"wp:featuredmedia":[{"embeddable":true,"href":"https:\/\/tvtecjundiai.com.br\/news\/wp-json\/wp\/v2\/media\/80489"}],"wp:attachment":[{"href":"https:\/\/tvtecjundiai.com.br\/news\/wp-json\/wp\/v2\/media?parent=80488"}],"wp:term":[{"taxonomy":"category","embeddable":true,"href":"https:\/\/tvtecjundiai.com.br\/news\/wp-json\/wp\/v2\/categories?post=80488"},{"taxonomy":"post_tag","embeddable":true,"href":"https:\/\/tvtecjundiai.com.br\/news\/wp-json\/wp\/v2\/tags?post=80488"}],"curies":[{"name":"wp","href":"https:\/\/api.w.org\/{rel}","templated":true}]}}