{"id":80568,"date":"2021-08-09T13:24:56","date_gmt":"2021-08-09T16:24:56","guid":{"rendered":"https:\/\/tvtecjundiai.com.br\/news\/?p=80568"},"modified":"2021-08-09T13:25:04","modified_gmt":"2021-08-09T16:25:04","slug":"ugmt-abre-novos-alvaras-para-servico-de-transporte-escolar-em-jundiai","status":"publish","type":"post","link":"https:\/\/tvtecjundiai.com.br\/news\/2021\/08\/09\/ugmt-abre-novos-alvaras-para-servico-de-transporte-escolar-em-jundiai\/","title":{"rendered":"UGMT abre novos alvar\u00e1s para servi\u00e7o de transporte escolar em Jundia\u00ed"},"content":{"rendered":"\n<p>A Unidade de Gest\u00e3o de Mobilidade e Transporte (UGMT) deu abertura a novos alvar\u00e1s de autoriza\u00e7\u00e3o para a explora\u00e7\u00e3o do servi\u00e7o de transporte escolar em Jundia\u00ed. As inscri\u00e7\u00f5es seguem at\u00e9 30 de setembro. Os interessados dever\u00e3o realizar sua solicita\u00e7\u00e3o de inscri\u00e7\u00e3o atrav\u00e9s do site do&nbsp;<a href=\"https:\/\/balcaodoempreendedor.jundiai.sp.gov.br\/\" target=\"_blank\" rel=\"noreferrer noopener\">Balc\u00e3o do Empreendedor<\/a>&nbsp;(passando pelos sublinks \u201c\u00c1rea do Empreendedor\u201d, \u201cServi\u00e7os\u201d, e \u201cInscri\u00e7\u00e3o Municipal \u2013 Abertura\/Reabertura\u201d).<\/p>\n\n\n\n<p>Para obten\u00e7\u00e3o da autoriza\u00e7\u00e3o, o condutor interessado dever\u00e1 atender a algumas exig\u00eancias, como apresentar atestado negativo de antecedentes criminais, ter 21 anos ou mais, possuir CNH categoria D ou superior, entre outros. Todos os requisitos podem ser consultados na&nbsp;<a href=\"https:\/\/imprensaoficial.jundiai.sp.gov.br\/\" target=\"_blank\" rel=\"noreferrer noopener\">Imprensa Oficial<\/a>&nbsp;Edi\u00e7\u00e3o 4945, do dia 30 de julho de 2021, dispon\u00edvel no site da Prefeitura de Jundia\u00ed.<\/p>\n\n\n\n<figure class=\"wp-block-image\"><img decoding=\"async\" src=\"https:\/\/jundiai.sp.gov.br\/noticias\/wp-content\/uploads\/sites\/32\/2021\/08\/vans_escolares-1-1170x960.jpg\" alt=\"\" class=\"wp-image-273938\" \/><figcaption>Interessado dever\u00e1 atender exig\u00eancias, como atestado negativo de antecedentes criminais, ter 21 anos ou mais e possuir CNH categoria D ou superior<\/figcaption><\/figure>\n\n\n\n<p><em>(Fonte\/Imagem: Prefeitura de Jundia\u00ed)<\/em><\/p>\n\n\n\n<p><\/p>\n","protected":false},"excerpt":{"rendered":"<p>As inscri\u00e7\u00f5es seguem at\u00e9 30 de setembro<\/p>\n","protected":false},"author":24,"featured_media":80569,"comment_status":"closed","ping_status":"closed","sticky":false,"template":"","format":"standard","meta":{"footnotes":""},"categories":[8356],"tags":[],"class_list":["post-80568","post","type-post","status-publish","format-standard","has-post-thumbnail","hentry","category-jundiai"],"_links":{"self":[{"href":"https:\/\/tvtecjundiai.com.br\/news\/wp-json\/wp\/v2\/posts\/80568","targetHints":{"allow":["GET"]}}],"collection":[{"href":"https:\/\/tvtecjundiai.com.br\/news\/wp-json\/wp\/v2\/posts"}],"about":[{"href":"https:\/\/tvtecjundiai.com.br\/news\/wp-json\/wp\/v2\/types\/post"}],"author":[{"embeddable":true,"href":"https:\/\/tvtecjundiai.com.br\/news\/wp-json\/wp\/v2\/users\/24"}],"replies":[{"embeddable":true,"href":"https:\/\/tvtecjundiai.com.br\/news\/wp-json\/wp\/v2\/comments?post=80568"}],"version-history":[{"count":1,"href":"https:\/\/tvtecjundiai.com.br\/news\/wp-json\/wp\/v2\/posts\/80568\/revisions"}],"predecessor-version":[{"id":80570,"href":"https:\/\/tvtecjundiai.com.br\/news\/wp-json\/wp\/v2\/posts\/80568\/revisions\/80570"}],"wp:featuredmedia":[{"embeddable":true,"href":"https:\/\/tvtecjundiai.com.br\/news\/wp-json\/wp\/v2\/media\/80569"}],"wp:attachment":[{"href":"https:\/\/tvtecjundiai.com.br\/news\/wp-json\/wp\/v2\/media?parent=80568"}],"wp:term":[{"taxonomy":"category","embeddable":true,"href":"https:\/\/tvtecjundiai.com.br\/news\/wp-json\/wp\/v2\/categories?post=80568"},{"taxonomy":"post_tag","embeddable":true,"href":"https:\/\/tvtecjundiai.com.br\/news\/wp-json\/wp\/v2\/tags?post=80568"}],"curies":[{"name":"wp","href":"https:\/\/api.w.org\/{rel}","templated":true}]}}