{"id":80681,"date":"2021-08-11T14:31:06","date_gmt":"2021-08-11T17:31:06","guid":{"rendered":"https:\/\/tvtecjundiai.com.br\/news\/?p=80681"},"modified":"2021-08-11T14:31:15","modified_gmt":"2021-08-11T17:31:15","slug":"mes-do-patrimonio-destaca-o-samba-paulista","status":"publish","type":"post","link":"https:\/\/tvtecjundiai.com.br\/news\/2021\/08\/11\/mes-do-patrimonio-destaca-o-samba-paulista\/","title":{"rendered":"M\u00eas do Patrim\u00f4nio destaca o Samba Paulista"},"content":{"rendered":"\n<p>Dentro da programa\u00e7\u00e3o do M\u00eas do Patrim\u00f4nio Hist\u00f3rico e Cultural promovido pela Unidade de Gest\u00e3o de Cultura (UGC), foi realizada na noite dessa ter\u00e7a-feira (10) a mesa redonda \u201cCol\u00f3quio do Samba \u2013 homenagem ao Samba Paulista\u201d, transmitida pelos canais da Cultura no&nbsp;<a rel=\"noreferrer noopener\" href=\"https:\/\/www.facebook.com\/culturajundiai\" target=\"_blank\">Facebook<\/a>&nbsp;e&nbsp;<a rel=\"noreferrer noopener\" href=\"https:\/\/www.youtube.com\/c\/CulturaJundia%C3%AD\/featured\" target=\"_blank\">YouTube<\/a>. Os convidados da noite foram a historiadora Ligia Nassif Conti, o sambista e soci\u00f3logo Tadeu Ka\u00e7ula, o m\u00fasico e professor da PUC\/SP Amailton Magno Azevedo e, como mediador, William Paix\u00e3o, ex-presidente da Liga Jundiaiense das Escolas de Samba.<\/p>\n\n\n\n<p>Na abertura dos trabalhos, Ligia Conti falou sobre o descompasso existente entre os trabalhos de pesquisa e a fala dos sambistas paulistas, que merecia ser estudada.\u00a0 \u201cNos \u00faltimos dez anos, o samba paulista, que nasceu no interior, vem sendo pesquisado pois a sua riqueza \u00e9 imensa. O samba sendo reconhecido como patrim\u00f4nio de cultura imaterial nos possibilita definir o que ser preservado e divulgado, construindo assim a sua hist\u00f3ria\u201d, comentou.<\/p>\n\n\n\n<figure class=\"wp-block-image size-large\"><img loading=\"lazy\" decoding=\"async\" width=\"1200\" height=\"674\" src=\"https:\/\/tvtecjundiai.com.br\/news\/wp-content\/uploads\/sites\/2\/2021\/08\/samba2-1200x674.png\" alt=\"\" class=\"wp-image-80682\" srcset=\"https:\/\/tvtecjundiai.com.br\/news\/wp-content\/uploads\/sites\/2\/2021\/08\/samba2-1200x674.png 1200w, https:\/\/tvtecjundiai.com.br\/news\/wp-content\/uploads\/sites\/2\/2021\/08\/samba2-300x169.png 300w, https:\/\/tvtecjundiai.com.br\/news\/wp-content\/uploads\/sites\/2\/2021\/08\/samba2-768x432.png 768w, https:\/\/tvtecjundiai.com.br\/news\/wp-content\/uploads\/sites\/2\/2021\/08\/samba2.png 1281w\" sizes=\"auto, (max-width: 1200px) 100vw, 1200px\" \/><figcaption>Mesa-redonda fez uma homenagem ao homenagem ao Samba Paulista<br><\/figcaption><\/figure>\n\n\n\n<p>O sambista e soci\u00f3logo Tadeu Ka\u00e7ula tra\u00e7ou a evolu\u00e7\u00e3o do samba paulista trazendo para&nbsp;reflex\u00e3o desde os batuques do interior paulista \u2013 jongo, tambu, o samba de bumbo -, a import\u00e2ncia do trabalho de Dion\u00edsio Barbosa, fundador do Grupo Barra Funda, a influ\u00eancia do futebol de v\u00e1rzea na forma\u00e7\u00e3o dos primeiros cord\u00f5es carnavalescos, que deram origem a escolas de samba, passando pela oficializa\u00e7\u00e3o do carnaval de rua de S\u00e3o Paulo, a constru\u00e7\u00e3o do Samb\u00f3dromo, palco do Carnaval Paulista e o ressurgimento dos blocos carnavalescos pelos diferentes bairros da cidade, chegando a reunir no centro da Capital mais de um milh\u00e3o de pessoas.<\/p>\n\n\n\n<p>J\u00e1 o m\u00fasico e professor Amailton Magno Azevedo abordou a arte, a m\u00fasica e a cultura negras, mostrando que o samba nasce das viv\u00eancias negras j\u00e1 no contexto da urbaniza\u00e7\u00e3o, destacando a import\u00e2ncia do compositor Geraldo Filme que em sua obra traz a sua hist\u00f3ria pessoal, que permitiu tra\u00e7ar a tradi\u00e7\u00e3o hist\u00f3rica do samba de S\u00e3o Paulo.<\/p>\n\n\n\n<p>Para o diretor do Departamento de Patrim\u00f4nio Hist\u00f3rico da UGC, Elizeu Marcos Franco, a homenagem ao Samba Paulista mostrou a import\u00e2ncia da preserva\u00e7\u00e3o deste patrim\u00f4nio cultural imaterial para as gera\u00e7\u00f5es futuras. \u201cQuando falamos em patrim\u00f4nio, surgem sempre as tradicionais perguntas: O que preservar? Como preservar? Por que preservar? E para quem preservar? Nesta noite nossos convidados nos deram todas essas respostas, garantindo aos mais novos e aqueles que nos suceder\u00e3o o conhecimento sobre o Samba Paulista, sua hist\u00f3ria\u201d, finalizou o diretor.<\/p>\n\n\n\n<p><strong>Assista \u00e0 mesa-redonda:<\/strong><\/p>\n\n\n\n<figure class=\"wp-block-embed is-type-video is-provider-youtube wp-block-embed-youtube wp-embed-aspect-16-9 wp-has-aspect-ratio\"><div class=\"wp-block-embed__wrapper\">\n<iframe loading=\"lazy\" title=\"Col\u00f3quio do Samba\" width=\"500\" height=\"281\" src=\"https:\/\/www.youtube.com\/embed\/nBPD-3v0Z20?feature=oembed\" frameborder=\"0\" allow=\"accelerometer; autoplay; clipboard-write; encrypted-media; gyroscope; picture-in-picture; web-share\" referrerpolicy=\"strict-origin-when-cross-origin\" allowfullscreen><\/iframe>\n<\/div><\/figure>\n\n\n\n<p><em>(Fonte\/Imagem: Prefeitura de Jundia\u00ed)<\/em><\/p>\n","protected":false},"excerpt":{"rendered":"<p>Foi realizada na ter\u00e7a-feira (10) a mesa redonda \u201cCol\u00f3quio do Samba \u2013 homenagem ao Samba Paulista\u201d.<\/p>\n","protected":false},"author":27,"featured_media":80682,"comment_status":"closed","ping_status":"closed","sticky":false,"template":"","format":"standard","meta":{"footnotes":""},"categories":[2833,8356],"tags":[],"class_list":["post-80681","post","type-post","status-publish","format-standard","has-post-thumbnail","hentry","category-cultura","category-jundiai"],"_links":{"self":[{"href":"https:\/\/tvtecjundiai.com.br\/news\/wp-json\/wp\/v2\/posts\/80681","targetHints":{"allow":["GET"]}}],"collection":[{"href":"https:\/\/tvtecjundiai.com.br\/news\/wp-json\/wp\/v2\/posts"}],"about":[{"href":"https:\/\/tvtecjundiai.com.br\/news\/wp-json\/wp\/v2\/types\/post"}],"author":[{"embeddable":true,"href":"https:\/\/tvtecjundiai.com.br\/news\/wp-json\/wp\/v2\/users\/27"}],"replies":[{"embeddable":true,"href":"https:\/\/tvtecjundiai.com.br\/news\/wp-json\/wp\/v2\/comments?post=80681"}],"version-history":[{"count":1,"href":"https:\/\/tvtecjundiai.com.br\/news\/wp-json\/wp\/v2\/posts\/80681\/revisions"}],"predecessor-version":[{"id":80683,"href":"https:\/\/tvtecjundiai.com.br\/news\/wp-json\/wp\/v2\/posts\/80681\/revisions\/80683"}],"wp:featuredmedia":[{"embeddable":true,"href":"https:\/\/tvtecjundiai.com.br\/news\/wp-json\/wp\/v2\/media\/80682"}],"wp:attachment":[{"href":"https:\/\/tvtecjundiai.com.br\/news\/wp-json\/wp\/v2\/media?parent=80681"}],"wp:term":[{"taxonomy":"category","embeddable":true,"href":"https:\/\/tvtecjundiai.com.br\/news\/wp-json\/wp\/v2\/categories?post=80681"},{"taxonomy":"post_tag","embeddable":true,"href":"https:\/\/tvtecjundiai.com.br\/news\/wp-json\/wp\/v2\/tags?post=80681"}],"curies":[{"name":"wp","href":"https:\/\/api.w.org\/{rel}","templated":true}]}}