{"id":80751,"date":"2021-08-12T17:47:01","date_gmt":"2021-08-12T20:47:01","guid":{"rendered":"https:\/\/tvtecjundiai.com.br\/news\/?p=80751"},"modified":"2021-08-12T17:47:07","modified_gmt":"2021-08-12T20:47:07","slug":"criancas-dos-abrigos-e-do-familia-acolhedora-visitam-mundo-das-criancas","status":"publish","type":"post","link":"https:\/\/tvtecjundiai.com.br\/news\/2021\/08\/12\/criancas-dos-abrigos-e-do-familia-acolhedora-visitam-mundo-das-criancas\/","title":{"rendered":"Crian\u00e7as dos abrigos e do Fam\u00edlia Acolhedora visitam Mundo das Crian\u00e7as"},"content":{"rendered":"\n<p>Quinze crian\u00e7as e adolescentes acolhidos em abrigos institucionais e pelo servi\u00e7o de Fam\u00edlia Acolhedora fizeram uma visita animada ao Mundo das Crian\u00e7as na tarde desta quinta-feira (12). A visita foi promovida pela Unidade de Gest\u00e3o de Assist\u00eancia e Desenvolvimento Social (UGADS) da Prefeitura e faz parte de uma programa\u00e7\u00e3o de visitas dos usu\u00e1rios dos servi\u00e7os da rede socioassistencial a equipamentos p\u00fablicos municipais.<\/p>\n\n\n\n<p>O acolhimento de crian\u00e7as e adolescentes afastados do conv\u00edvio familiar por conta de viola\u00e7\u00e3o de direitos \u00e9 feito a partir de decis\u00e3o judicial e pode ser feito em duas modalidades. Pode ser em abrigos institucionais, no caso de Jundia\u00ed, na Casa Transit\u00f3ria e na Casa de Nazar\u00e9, organiza\u00e7\u00f5es com as quais a UGADS celebra termo de colabora\u00e7\u00e3o. Ou por meio do servi\u00e7o de Fam\u00edlia Acolhedora, tamb\u00e9m vinculado \u00e0 UGADS. Durante o acolhimento, \u00e9 realizado um trabalho junto \u00e0 rede socioassistencial at\u00e9 o retorno \u00e0 fam\u00edlia de origem, \u00e0 fam\u00edlia extensa (parentes pr\u00f3ximos) ou, esgotadas as possibilitadas, a ado\u00e7\u00e3o.<\/p>\n\n\n\n<figure class=\"wp-block-image size-large\"><img loading=\"lazy\" decoding=\"async\" width=\"1200\" height=\"900\" src=\"https:\/\/tvtecjundiai.com.br\/news\/wp-content\/uploads\/sites\/2\/2021\/08\/visita_abrigos_familia_acolhedora_mundo_das_criancas-1-1200x900.jpeg\" alt=\"\" class=\"wp-image-80754\" srcset=\"https:\/\/tvtecjundiai.com.br\/news\/wp-content\/uploads\/sites\/2\/2021\/08\/visita_abrigos_familia_acolhedora_mundo_das_criancas-1-1200x900.jpeg 1200w, https:\/\/tvtecjundiai.com.br\/news\/wp-content\/uploads\/sites\/2\/2021\/08\/visita_abrigos_familia_acolhedora_mundo_das_criancas-1-300x225.jpeg 300w, https:\/\/tvtecjundiai.com.br\/news\/wp-content\/uploads\/sites\/2\/2021\/08\/visita_abrigos_familia_acolhedora_mundo_das_criancas-1-768x576.jpeg 768w, https:\/\/tvtecjundiai.com.br\/news\/wp-content\/uploads\/sites\/2\/2021\/08\/visita_abrigos_familia_acolhedora_mundo_das_criancas-1.jpeg 1280w\" sizes=\"auto, (max-width: 1200px) 100vw, 1200px\" \/><\/figure>\n\n\n\n<p>Renata participa do Fam\u00edlia Acolhedora e acompanhou a visita com a filha Beatriz, de seis anos, e com garotinho de dois anos que est\u00e1 acolhendo pelo servi\u00e7o no momento. \u201cEsta tem sido uma experi\u00eancia incr\u00edvel. As crian\u00e7as est\u00e3o aproveitando demais e s\u00f3 n\u00e3o entraram nos chafarizes porque est\u00e1 ventando\u201d, explica a analista de Recursos Humanos, que soube do Fam\u00edlia Acolhedora por meio de uma amiga. \u201cQuisemos contribuir para o crescimento de algu\u00e9m\u201d.<\/p>\n\n\n\n<p>\u201cEsta \u00e9 mais uma visita que a UGADS realiza para os usu\u00e1rios da rede socioassistencial a equipamentos p\u00fablicos, como forma de experi\u00eancia, gera\u00e7\u00e3o de oportunidades e cria\u00e7\u00e3o de repert\u00f3rio\u201d, explicou a gestora da UGADS, Maria Brant.<\/p>\n\n\n\n<p>Al\u00e9m da visita desta tarde, a UGADS j\u00e1 realizou tamb\u00e9m atividades das crian\u00e7as e adolescentes \u00e0 Guarda Municipal e uma\u00a0<a href=\"https:\/\/jundiai.sp.gov.br\/noticias\/2021\/07\/23\/criancas-e-jovens-de-abrigo-institucional-tem-manha-animada-com-os-caes-do-canil-da-guarda-municipal\/\">visita do Canil aos abrigos<\/a>. Em parceria com a Rede Jundia\u00ed de Coopera\u00e7\u00e3o da Unidade de Gest\u00e3o de Governo e Finan\u00e7as (UGGF), a UGADS\u00a0<a href=\"https:\/\/jundiai.sp.gov.br\/noticias\/2021\/08\/11\/criancas-do-jardim-fepasa-conhecem-e-se-divertem-no-mundo-das-criancas\/\">iniciou nessa quarta-feira (11) uma s\u00e9rie de visitas de crian\u00e7as e jovens ao Mundo das Crian\u00e7as<\/a>, com a mesma proposta.<\/p>\n\n\n\n<figure class=\"wp-block-image size-large\"><img loading=\"lazy\" decoding=\"async\" width=\"1200\" height=\"900\" src=\"https:\/\/tvtecjundiai.com.br\/news\/wp-content\/uploads\/sites\/2\/2021\/08\/visita_abrigos_familia_acolhedora_mundo_das_criancas-2-1200x900.jpeg\" alt=\"\" class=\"wp-image-80756\" srcset=\"https:\/\/tvtecjundiai.com.br\/news\/wp-content\/uploads\/sites\/2\/2021\/08\/visita_abrigos_familia_acolhedora_mundo_das_criancas-2-1200x900.jpeg 1200w, https:\/\/tvtecjundiai.com.br\/news\/wp-content\/uploads\/sites\/2\/2021\/08\/visita_abrigos_familia_acolhedora_mundo_das_criancas-2-300x225.jpeg 300w, https:\/\/tvtecjundiai.com.br\/news\/wp-content\/uploads\/sites\/2\/2021\/08\/visita_abrigos_familia_acolhedora_mundo_das_criancas-2-768x576.jpeg 768w, https:\/\/tvtecjundiai.com.br\/news\/wp-content\/uploads\/sites\/2\/2021\/08\/visita_abrigos_familia_acolhedora_mundo_das_criancas-2.jpeg 1280w\" sizes=\"auto, (max-width: 1200px) 100vw, 1200px\" \/><figcaption>Renata soube do \u201cFam\u00edlia Acolhedora\u201d atrav\u00e9s de uma amiga<br><\/figcaption><\/figure>\n\n\n\n<p><em>(Fonte\/Imagem: Prefeitura de Jundia\u00ed)<\/em><\/p>\n","protected":false},"excerpt":{"rendered":"<p>A visita foi promovida pela Unidade de Gest\u00e3o de Assist\u00eancia e Desenvolvimento Social da Prefeitura.<\/p>\n","protected":false},"author":27,"featured_media":80756,"comment_status":"closed","ping_status":"closed","sticky":false,"template":"","format":"standard","meta":{"footnotes":""},"categories":[8356],"tags":[],"class_list":["post-80751","post","type-post","status-publish","format-standard","has-post-thumbnail","hentry","category-jundiai"],"_links":{"self":[{"href":"https:\/\/tvtecjundiai.com.br\/news\/wp-json\/wp\/v2\/posts\/80751","targetHints":{"allow":["GET"]}}],"collection":[{"href":"https:\/\/tvtecjundiai.com.br\/news\/wp-json\/wp\/v2\/posts"}],"about":[{"href":"https:\/\/tvtecjundiai.com.br\/news\/wp-json\/wp\/v2\/types\/post"}],"author":[{"embeddable":true,"href":"https:\/\/tvtecjundiai.com.br\/news\/wp-json\/wp\/v2\/users\/27"}],"replies":[{"embeddable":true,"href":"https:\/\/tvtecjundiai.com.br\/news\/wp-json\/wp\/v2\/comments?post=80751"}],"version-history":[{"count":1,"href":"https:\/\/tvtecjundiai.com.br\/news\/wp-json\/wp\/v2\/posts\/80751\/revisions"}],"predecessor-version":[{"id":80758,"href":"https:\/\/tvtecjundiai.com.br\/news\/wp-json\/wp\/v2\/posts\/80751\/revisions\/80758"}],"wp:featuredmedia":[{"embeddable":true,"href":"https:\/\/tvtecjundiai.com.br\/news\/wp-json\/wp\/v2\/media\/80756"}],"wp:attachment":[{"href":"https:\/\/tvtecjundiai.com.br\/news\/wp-json\/wp\/v2\/media?parent=80751"}],"wp:term":[{"taxonomy":"category","embeddable":true,"href":"https:\/\/tvtecjundiai.com.br\/news\/wp-json\/wp\/v2\/categories?post=80751"},{"taxonomy":"post_tag","embeddable":true,"href":"https:\/\/tvtecjundiai.com.br\/news\/wp-json\/wp\/v2\/tags?post=80751"}],"curies":[{"name":"wp","href":"https:\/\/api.w.org\/{rel}","templated":true}]}}