{"id":80790,"date":"2021-08-13T16:09:23","date_gmt":"2021-08-13T19:09:23","guid":{"rendered":"https:\/\/tvtecjundiai.com.br\/news\/?p=80790"},"modified":"2021-08-13T16:46:20","modified_gmt":"2021-08-13T19:46:20","slug":"jundiai-tera-final-de-semana-nublado-com-minima-de-13oc","status":"publish","type":"post","link":"https:\/\/tvtecjundiai.com.br\/news\/2021\/08\/13\/jundiai-tera-final-de-semana-nublado-com-minima-de-13oc\/","title":{"rendered":"Jundia\u00ed ter\u00e1 final de semana nublado com m\u00ednima de 13\u00baC"},"content":{"rendered":"\n<p>Ap\u00f3s alguns dias com temperaturas mais amenas, os term\u00f4metros voltam a baixar no final de semana. Em Jundia\u00ed o final de semana seguir\u00e1 com nuvens. Segundo o Climatempo a sexta-feira (13) ter\u00e1 m\u00e1xima de 24\u00baC e m\u00ednima de 14\u00baC.<\/p>\n\n\n\n<p>Apesar das nuvens, a temperatura sobe no s\u00e1bado (14), que deve registrar m\u00e1xima de 28\u00baC e m\u00ednima de 13\u00baC.<\/p>\n\n\n\n<div class=\"wp-block-image\"><figure class=\"aligncenter size-large is-resized\"><img loading=\"lazy\" decoding=\"async\" src=\"https:\/\/tvtecjundiai.com.br\/news\/wp-content\/uploads\/sites\/2\/2021\/05\/nublado-1-1200x936.jpeg\" alt=\"\" class=\"wp-image-76192\" width=\"591\" height=\"461\" srcset=\"https:\/\/tvtecjundiai.com.br\/news\/wp-content\/uploads\/sites\/2\/2021\/05\/nublado-1-1200x936.jpeg 1200w, https:\/\/tvtecjundiai.com.br\/news\/wp-content\/uploads\/sites\/2\/2021\/05\/nublado-1-300x234.jpeg 300w, https:\/\/tvtecjundiai.com.br\/news\/wp-content\/uploads\/sites\/2\/2021\/05\/nublado-1-768x599.jpeg 768w, https:\/\/tvtecjundiai.com.br\/news\/wp-content\/uploads\/sites\/2\/2021\/05\/nublado-1.jpeg 1280w\" sizes=\"auto, (max-width: 591px) 100vw, 591px\" \/><\/figure><\/div>\n\n\n\n<p>N\u00e3o h\u00e1 previs\u00e3o de chuva para o s\u00e1bado (14) e para o domingo (15), que ter\u00e1 m\u00e1xima de 27\u00baC e m\u00ednima de 13\u00baC.<\/p>\n\n\n\n<p><strong><em>(Fonte\/Imagem: TVTEC)<\/em><\/strong><\/p>\n","protected":false},"excerpt":{"rendered":"<p>N\u00e3o h\u00e1 previs\u00e3o de chuva para o s\u00e1bado (14) e para o domingo (15).<\/p>\n","protected":false},"author":27,"featured_media":76192,"comment_status":"closed","ping_status":"closed","sticky":false,"template":"","format":"standard","meta":{"footnotes":""},"categories":[3185,29,8356],"tags":[],"class_list":["post-80790","post","type-post","status-publish","format-standard","has-post-thumbnail","hentry","category-clima","category-destaque","category-jundiai"],"_links":{"self":[{"href":"https:\/\/tvtecjundiai.com.br\/news\/wp-json\/wp\/v2\/posts\/80790","targetHints":{"allow":["GET"]}}],"collection":[{"href":"https:\/\/tvtecjundiai.com.br\/news\/wp-json\/wp\/v2\/posts"}],"about":[{"href":"https:\/\/tvtecjundiai.com.br\/news\/wp-json\/wp\/v2\/types\/post"}],"author":[{"embeddable":true,"href":"https:\/\/tvtecjundiai.com.br\/news\/wp-json\/wp\/v2\/users\/27"}],"replies":[{"embeddable":true,"href":"https:\/\/tvtecjundiai.com.br\/news\/wp-json\/wp\/v2\/comments?post=80790"}],"version-history":[{"count":3,"href":"https:\/\/tvtecjundiai.com.br\/news\/wp-json\/wp\/v2\/posts\/80790\/revisions"}],"predecessor-version":[{"id":80806,"href":"https:\/\/tvtecjundiai.com.br\/news\/wp-json\/wp\/v2\/posts\/80790\/revisions\/80806"}],"wp:featuredmedia":[{"embeddable":true,"href":"https:\/\/tvtecjundiai.com.br\/news\/wp-json\/wp\/v2\/media\/76192"}],"wp:attachment":[{"href":"https:\/\/tvtecjundiai.com.br\/news\/wp-json\/wp\/v2\/media?parent=80790"}],"wp:term":[{"taxonomy":"category","embeddable":true,"href":"https:\/\/tvtecjundiai.com.br\/news\/wp-json\/wp\/v2\/categories?post=80790"},{"taxonomy":"post_tag","embeddable":true,"href":"https:\/\/tvtecjundiai.com.br\/news\/wp-json\/wp\/v2\/tags?post=80790"}],"curies":[{"name":"wp","href":"https:\/\/api.w.org\/{rel}","templated":true}]}}