{"id":80799,"date":"2021-08-13T16:35:08","date_gmt":"2021-08-13T19:35:08","guid":{"rendered":"https:\/\/tvtecjundiai.com.br\/news\/?p=80799"},"modified":"2021-08-13T17:14:15","modified_gmt":"2021-08-13T20:14:15","slug":"sede-da-ugads-e-cras-central-mudam-de-enderecos-1","status":"publish","type":"post","link":"https:\/\/tvtecjundiai.com.br\/news\/2021\/08\/13\/sede-da-ugads-e-cras-central-mudam-de-enderecos-1\/","title":{"rendered":"Sede da UGADS e Cras Central mudam de endere\u00e7o para aprimorar o atendimento e servi\u00e7os"},"content":{"rendered":"\n<p>A Unidade de Gest\u00e3o de Assist\u00eancia e Desenvolvimento Social (UGADS) ir\u00e1 atender em novo endere\u00e7o a partir da segunda-feira (23). O expediente da Unidade segue na rua Senador Fonseca, 605, Centro, at\u00e9 a sexta (20) e, ap\u00f3s a mudan\u00e7a no final de semana, muda sua sede para a avenida Ant\u00f4nio Segre, 81, Jardim Brasil.<\/p>\n\n\n\n<p>Conforme o mesmo cronograma, o im\u00f3vel na rua Senador Fonseca passar\u00e1 ent\u00e3o a ser ocupado pelo Centro de Refer\u00eancia de Assist\u00eancia Social (Cras) Central, que atende na rua Zacarias de G\u00f3es, 516, Centro, at\u00e9 a pr\u00f3xima sexta-feira (20). Tanto as mudan\u00e7as quanto as interven\u00e7\u00f5es necess\u00e1rias ser\u00e3o feitas durante o fim de semana, sem interferir no expediente.<\/p>\n\n\n\n<p>Segundo a gestora da UGADS, Maria Brant, a proposta da mudan\u00e7a \u00e9 otimizar e ampliar os espa\u00e7os e as possibilidades de servi\u00e7os oferecidos em cada um dos equipamentos. \u201cA nova localiza\u00e7\u00e3o da sede da Unidade, que n\u00e3o possui atendimento ao p\u00fablico, \u00e9 mais pr\u00f3xima ao Pa\u00e7o Municipal, para otimizar os tr\u00e2mites administrativos. J\u00e1 o Cras Central poder\u00e1 aproveitar a estrutura da nova \u2018casa\u2019 para desenvolver mais atividades do servi\u00e7o socioassistencial da Prote\u00e7\u00e3o Social B\u00e1sica, como o Servi\u00e7o de Conviv\u00eancia e Fortalecimento de V\u00ednculos (SCFV), al\u00e9m de atividades pela forma\u00e7\u00e3o e gera\u00e7\u00e3o de emprego e renda, junto \u00e0 Divis\u00e3o de Inclus\u00e3o Produtiva e Qualifica\u00e7\u00e3o Profissional, explica.<\/p>\n\n\n\n<p>Os telefones para atendimentos seguem os mesmos e ser\u00e3o transferidos para os novos endere\u00e7os, conforme cronograma da empresa de telefonia:<\/p>\n\n\n\n<ul class=\"wp-block-list\"><li>UGADS<br>Telefones: (11) 4522-0332, 4522-0333 e 4527-4160;<br>E-mail: ugads@jundiai.sp.gov.br;<\/li><li>Cras Central:<br>Telefones: (11) 4522-1033 \/ 4581-7955\/ 94088-7365 (Celular e atendimento por WhatsApp);<br>E-mail:&nbsp;<a href=\"mailto:crascentral@jundiai.sp.gov.br\">crascentral@jundiai.sp.gov.br<\/a>.<\/li><\/ul>\n\n\n\n<figure class=\"wp-block-image size-large\"><img loading=\"lazy\" decoding=\"async\" width=\"1200\" height=\"800\" src=\"https:\/\/tvtecjundiai.com.br\/news\/wp-content\/uploads\/sites\/2\/2021\/08\/ugads_predio-318-1200x800.jpg\" alt=\"\" class=\"wp-image-80800\" srcset=\"https:\/\/tvtecjundiai.com.br\/news\/wp-content\/uploads\/sites\/2\/2021\/08\/ugads_predio-318-1200x800.jpg 1200w, https:\/\/tvtecjundiai.com.br\/news\/wp-content\/uploads\/sites\/2\/2021\/08\/ugads_predio-318-300x200.jpg 300w, https:\/\/tvtecjundiai.com.br\/news\/wp-content\/uploads\/sites\/2\/2021\/08\/ugads_predio-318-768x512.jpg 768w, https:\/\/tvtecjundiai.com.br\/news\/wp-content\/uploads\/sites\/2\/2021\/08\/ugads_predio-318.jpg 1280w\" sizes=\"auto, (max-width: 1200px) 100vw, 1200px\" \/><figcaption>Pr\u00e9dio da atual sede da UGADS passar\u00e1 a ser o Cras Central<br><\/figcaption><\/figure>\n\n\n\n<p><em>(Fonte\/Imagem: Prefeitura de Jundia\u00ed)<\/em><\/p>\n","protected":false},"excerpt":{"rendered":"<p>A proposta da mudan\u00e7a \u00e9 otimizar e ampliar os espa\u00e7os e as possibilidades de servi\u00e7os oferecidos.<\/p>\n","protected":false},"author":27,"featured_media":80800,"comment_status":"closed","ping_status":"closed","sticky":false,"template":"","format":"standard","meta":{"footnotes":""},"categories":[8356],"tags":[],"class_list":["post-80799","post","type-post","status-publish","format-standard","has-post-thumbnail","hentry","category-jundiai"],"_links":{"self":[{"href":"https:\/\/tvtecjundiai.com.br\/news\/wp-json\/wp\/v2\/posts\/80799","targetHints":{"allow":["GET"]}}],"collection":[{"href":"https:\/\/tvtecjundiai.com.br\/news\/wp-json\/wp\/v2\/posts"}],"about":[{"href":"https:\/\/tvtecjundiai.com.br\/news\/wp-json\/wp\/v2\/types\/post"}],"author":[{"embeddable":true,"href":"https:\/\/tvtecjundiai.com.br\/news\/wp-json\/wp\/v2\/users\/27"}],"replies":[{"embeddable":true,"href":"https:\/\/tvtecjundiai.com.br\/news\/wp-json\/wp\/v2\/comments?post=80799"}],"version-history":[{"count":2,"href":"https:\/\/tvtecjundiai.com.br\/news\/wp-json\/wp\/v2\/posts\/80799\/revisions"}],"predecessor-version":[{"id":80811,"href":"https:\/\/tvtecjundiai.com.br\/news\/wp-json\/wp\/v2\/posts\/80799\/revisions\/80811"}],"wp:featuredmedia":[{"embeddable":true,"href":"https:\/\/tvtecjundiai.com.br\/news\/wp-json\/wp\/v2\/media\/80800"}],"wp:attachment":[{"href":"https:\/\/tvtecjundiai.com.br\/news\/wp-json\/wp\/v2\/media?parent=80799"}],"wp:term":[{"taxonomy":"category","embeddable":true,"href":"https:\/\/tvtecjundiai.com.br\/news\/wp-json\/wp\/v2\/categories?post=80799"},{"taxonomy":"post_tag","embeddable":true,"href":"https:\/\/tvtecjundiai.com.br\/news\/wp-json\/wp\/v2\/tags?post=80799"}],"curies":[{"name":"wp","href":"https:\/\/api.w.org\/{rel}","templated":true}]}}