{"id":80808,"date":"2021-08-13T17:08:04","date_gmt":"2021-08-13T20:08:04","guid":{"rendered":"https:\/\/tvtecjundiai.com.br\/news\/?p=80808"},"modified":"2021-08-13T17:08:05","modified_gmt":"2021-08-13T20:08:05","slug":"motorista-que-recebeu-infracao-leve-ou-media-pode-requerer-penalidade-de-advertencia-por-escrito","status":"publish","type":"post","link":"https:\/\/tvtecjundiai.com.br\/news\/2021\/08\/13\/motorista-que-recebeu-infracao-leve-ou-media-pode-requerer-penalidade-de-advertencia-por-escrito\/","title":{"rendered":"Motorista que recebeu infra\u00e7\u00e3o leve ou m\u00e9dia pode requerer Penalidade de Advert\u00eancia por Escrito"},"content":{"rendered":"\n<p>Motoristas que receberam infra\u00e7\u00f5es de tr\u00e2nsito leves e m\u00e9dias podem requerer aplica\u00e7\u00e3o da Penalidade de Advert\u00eancia por Escrito, e assim n\u00e3o ser onerado e pontuado em sua CNH, como prev\u00ea o artigo 267 CTB, combinado com o artigo 10 da Resolu\u00e7\u00e3o n\u00b0 619\/2016. Para ter acesso a essa convers\u00e3o \u00e9 necess\u00e1rio que a pessoa autuada n\u00e3o tenha recebido nenhuma outra multa nos \u00faltimos 12 meses. Devem ser observados o prazo para defesa e a indica\u00e7\u00e3o do condutor.<\/p>\n\n\n\n<p>Em Jundia\u00ed, o motorista deve fazer o requerimento \u00e0 Penalidade de Advert\u00eancia no balc\u00e3o da Prefeitura de Jundia\u00ed no Poupatempo (avenida Uni\u00e3o dos Ferrovi\u00e1rios, 1760), com os seguintes documentos:<\/p>\n\n\n\n<ul class=\"wp-block-list\"><li>Requerimento, solicitando a Aplica\u00e7\u00e3o da Penalidade de Advert\u00eancia por Escrito, corretamente preenchido e assinado (leg\u00edvel e sem rasuras).\u00a0<a rel=\"noreferrer noopener\" href=\"https:\/\/jundiai.sp.gov.br\/noticias\/wp-content\/uploads\/sites\/32\/2021\/08\/requerimento-conversao-penalidade-advertencia-1.pdf\" target=\"_blank\">(baixe aqui)<\/a><\/li><li>Documento emitido pelo \u00f3rg\u00e3o executivo de tr\u00e2nsito respons\u00e1vel (DETRAN\/CIRETRAN) que demonstre a situa\u00e7\u00e3o de seu prontu\u00e1rio, referente a pontua\u00e7\u00e3o dos \u00faltimos 12 (doze) meses anterior \u00e0 data da infra\u00e7\u00e3o;\u00a0<\/li><li>C\u00f3pia da CNH (Carteira Nacional de Habilita\u00e7\u00e3o) do requerente;<\/li><li>C\u00f3pia do CRLV (Certificado de registro e licenciamento de ve\u00edculo);<\/li><\/ul>\n\n\n\n<div class=\"wp-block-image\"><figure class=\"aligncenter size-large\"><img loading=\"lazy\" decoding=\"async\" width=\"1200\" height=\"801\" src=\"https:\/\/tvtecjundiai.com.br\/news\/wp-content\/uploads\/sites\/2\/2021\/08\/multa-2-1200x801.jpg\" alt=\"\" class=\"wp-image-80809\" srcset=\"https:\/\/tvtecjundiai.com.br\/news\/wp-content\/uploads\/sites\/2\/2021\/08\/multa-2-1200x801.jpg 1200w, https:\/\/tvtecjundiai.com.br\/news\/wp-content\/uploads\/sites\/2\/2021\/08\/multa-2-300x200.jpg 300w, https:\/\/tvtecjundiai.com.br\/news\/wp-content\/uploads\/sites\/2\/2021\/08\/multa-2-768x512.jpg 768w, https:\/\/tvtecjundiai.com.br\/news\/wp-content\/uploads\/sites\/2\/2021\/08\/multa-2.jpg 1280w\" sizes=\"auto, (max-width: 1200px) 100vw, 1200px\" \/><\/figure><\/div>\n\n\n\n<p><em><strong>(Fonte\/Imagem: Prefeitura de Jundia\u00ed)<\/strong><\/em><\/p>\n","protected":false},"excerpt":{"rendered":"<p>Em Jundia\u00ed, o motorista deve fazer o requerimento no balc\u00e3o da Prefeitura de Jundia\u00ed no Poupatempo.<\/p>\n","protected":false},"author":25,"featured_media":80809,"comment_status":"closed","ping_status":"closed","sticky":false,"template":"","format":"standard","meta":{"footnotes":""},"categories":[5697,1],"tags":[],"class_list":["post-80808","post","type-post","status-publish","format-standard","has-post-thumbnail","hentry","category-mobilidade-noticias","category-noticias"],"_links":{"self":[{"href":"https:\/\/tvtecjundiai.com.br\/news\/wp-json\/wp\/v2\/posts\/80808","targetHints":{"allow":["GET"]}}],"collection":[{"href":"https:\/\/tvtecjundiai.com.br\/news\/wp-json\/wp\/v2\/posts"}],"about":[{"href":"https:\/\/tvtecjundiai.com.br\/news\/wp-json\/wp\/v2\/types\/post"}],"author":[{"embeddable":true,"href":"https:\/\/tvtecjundiai.com.br\/news\/wp-json\/wp\/v2\/users\/25"}],"replies":[{"embeddable":true,"href":"https:\/\/tvtecjundiai.com.br\/news\/wp-json\/wp\/v2\/comments?post=80808"}],"version-history":[{"count":1,"href":"https:\/\/tvtecjundiai.com.br\/news\/wp-json\/wp\/v2\/posts\/80808\/revisions"}],"predecessor-version":[{"id":80810,"href":"https:\/\/tvtecjundiai.com.br\/news\/wp-json\/wp\/v2\/posts\/80808\/revisions\/80810"}],"wp:featuredmedia":[{"embeddable":true,"href":"https:\/\/tvtecjundiai.com.br\/news\/wp-json\/wp\/v2\/media\/80809"}],"wp:attachment":[{"href":"https:\/\/tvtecjundiai.com.br\/news\/wp-json\/wp\/v2\/media?parent=80808"}],"wp:term":[{"taxonomy":"category","embeddable":true,"href":"https:\/\/tvtecjundiai.com.br\/news\/wp-json\/wp\/v2\/categories?post=80808"},{"taxonomy":"post_tag","embeddable":true,"href":"https:\/\/tvtecjundiai.com.br\/news\/wp-json\/wp\/v2\/tags?post=80808"}],"curies":[{"name":"wp","href":"https:\/\/api.w.org\/{rel}","templated":true}]}}