{"id":80812,"date":"2021-08-13T17:54:36","date_gmt":"2021-08-13T20:54:36","guid":{"rendered":"https:\/\/tvtecjundiai.com.br\/news\/?p=80812"},"modified":"2021-08-13T17:54:36","modified_gmt":"2021-08-13T20:54:36","slug":"escola-inovadora-projeto-de-jundiai-recebe-premio-estadual","status":"publish","type":"post","link":"https:\/\/tvtecjundiai.com.br\/news\/2021\/08\/13\/escola-inovadora-projeto-de-jundiai-recebe-premio-estadual\/","title":{"rendered":"Escola Inovadora: projeto de Jundia\u00ed recebe pr\u00eamio estadual"},"content":{"rendered":"\n<p>O projeto Arte Movimento e Eu (AME), que oferece modalidades de atividades f\u00edsicas, m\u00fasica e arte para educadores da rede municipal de ensino, ganhou visibilidade estadual, nesta sexta-feira (13), ao receber o pr\u00eamio Case Inovador do Programa Parcerias Municipais, iniciativa do Governo do Estado de S\u00e3o Paulo. A cerim\u00f4nia ocorreu no Pal\u00e1cio dos Bandeirantes.<\/p>\n\n\n\n<p>Com o pr\u00eamio, entregue pelo governador Jo\u00e3o Doria, Jundia\u00ed atingiu a marca de 29 premia\u00e7\u00f5es nos \u00faltimos cinco anos. \u201cA nossa rede municipal de educa\u00e7\u00e3o \u00e9 destaque pela qualidade do que \u00e9 oferecido pela nossa Escola Inovadora. A cidade \u00e9 vencedora de uma categoria muito especial que eleva a condi\u00e7\u00e3o de Jundia\u00ed a protagonista na \u00e1rea da educa\u00e7\u00e3o. Nossa cidade avan\u00e7a sem deixar ningu\u00e9m para tr\u00e1s e a Educa\u00e7\u00e3o de Jundia\u00ed \u00e9 premiada no Estado de S\u00e3o Paulo\u201d, afirmou o prefeito Luiz Fernando.\u00a0<\/p>\n\n\n\n<div class=\"wp-block-image\"><figure class=\"aligncenter size-large\"><img loading=\"lazy\" decoding=\"async\" width=\"1200\" height=\"800\" src=\"https:\/\/tvtecjundiai.com.br\/news\/wp-content\/uploads\/sites\/2\/2021\/08\/premio_parcerias_municipais_uge_governo_estado-633-1200x800.jpg\" alt=\"\" class=\"wp-image-80813\" srcset=\"https:\/\/tvtecjundiai.com.br\/news\/wp-content\/uploads\/sites\/2\/2021\/08\/premio_parcerias_municipais_uge_governo_estado-633-1200x800.jpg 1200w, https:\/\/tvtecjundiai.com.br\/news\/wp-content\/uploads\/sites\/2\/2021\/08\/premio_parcerias_municipais_uge_governo_estado-633-300x200.jpg 300w, https:\/\/tvtecjundiai.com.br\/news\/wp-content\/uploads\/sites\/2\/2021\/08\/premio_parcerias_municipais_uge_governo_estado-633-768x512.jpg 768w, https:\/\/tvtecjundiai.com.br\/news\/wp-content\/uploads\/sites\/2\/2021\/08\/premio_parcerias_municipais_uge_governo_estado-633.jpg 1280w\" sizes=\"auto, (max-width: 1200px) 100vw, 1200px\" \/><figcaption>Educa\u00e7\u00e3o conquistou pr\u00eamio por iniciativa inovadora. Esse \u00e9 \u00f3 29\u00aa pr\u00eamio em cinco anos<\/figcaption><\/figure><\/div>\n\n\n\n<p>Tamb\u00e9m estiveram presentes a presidente do Fundo Social de Solidariedade, Vanessa Machado, da gestora de Educa\u00e7\u00e3o, Vast\u00ed Ferrari Marques e da equipe da Unidade de Gest\u00e3o de Educa\u00e7\u00e3o (UGE).<\/p>\n\n\n\n<p>O Programa Parcerias Municipais conta com 621 munic\u00edpios inscritos. Ao todo, 224 munic\u00edpios cadastraram 723 cases inovadores e concorreram \u00e0 premia\u00e7\u00e3o em 2021. \u201cOs casos inovadores que n\u00f3s colocamos aqui fazem parte de um programa do Governo do Estado de SP dedicado exatamente \u00e0 qualidade e \u00e0 efici\u00eancia da gest\u00e3o p\u00fablica, especialmente a gest\u00e3o municipal. S\u00e3o os casos de sucesso, de \u00eaxito, que se tornam refer\u00eancia para outras prefeituras\u201d, destacou o governador.&nbsp;<\/p>\n\n\n\n<p>Jundia\u00ed ainda foi finalista com o Case \u201cRotina para quarentena\u201d, elaborado em abril de 2020, \u00e9 um site com programa\u00e7\u00e3o da Biblioteca Municipal, indica\u00e7\u00f5es para as fam\u00edlias e sugest\u00f5es de atividades educativas para as crian\u00e7as durante o per\u00edodo de suspens\u00e3o parcial das aulas presenciais.&nbsp;<\/p>\n\n\n\n<p>\u201cA Escola Inovadora ganha mais um pr\u00eamio. Obrigada a todos os educadores de Jundia\u00ed, que colaboram para que a nossa educa\u00e7\u00e3o tenha qualidade de ensino, consiga executar a forma\u00e7\u00e3o permanente de maneira efetiva e ambientar as escolas de forma que promovamos a aprendizagem maravilhosa para os nossos meninos e meninas\u201d, comentou Vast\u00ed.<\/p>\n\n\n\n<div class=\"wp-block-image\"><figure class=\"aligncenter size-large\"><img loading=\"lazy\" decoding=\"async\" width=\"1200\" height=\"800\" src=\"https:\/\/tvtecjundiai.com.br\/news\/wp-content\/uploads\/sites\/2\/2021\/08\/premio_parcerias_municipais_uge_governo_estado-183-1200x800.jpg\" alt=\"\" class=\"wp-image-80814\" srcset=\"https:\/\/tvtecjundiai.com.br\/news\/wp-content\/uploads\/sites\/2\/2021\/08\/premio_parcerias_municipais_uge_governo_estado-183-1200x800.jpg 1200w, https:\/\/tvtecjundiai.com.br\/news\/wp-content\/uploads\/sites\/2\/2021\/08\/premio_parcerias_municipais_uge_governo_estado-183-300x200.jpg 300w, https:\/\/tvtecjundiai.com.br\/news\/wp-content\/uploads\/sites\/2\/2021\/08\/premio_parcerias_municipais_uge_governo_estado-183-768x512.jpg 768w, https:\/\/tvtecjundiai.com.br\/news\/wp-content\/uploads\/sites\/2\/2021\/08\/premio_parcerias_municipais_uge_governo_estado-183.jpg 1280w\" sizes=\"auto, (max-width: 1200px) 100vw, 1200px\" \/><figcaption>Jo\u00e3o Doria lembrou que os cases de \u00eaxito podem se tornar refer\u00eancia para outras prefeituras<\/figcaption><\/figure><\/div>\n\n\n\n<p><em><strong>(Fonte\/Imagem: Prefeitura de Jundia\u00ed)<\/strong><\/em><\/p>\n","protected":false},"excerpt":{"rendered":"<p> A cerim\u00f4nia ocorreu no Pal\u00e1cio dos Bandeirantes.<\/p>\n","protected":false},"author":25,"featured_media":80814,"comment_status":"closed","ping_status":"closed","sticky":false,"template":"","format":"standard","meta":{"footnotes":""},"categories":[2828,1],"tags":[],"class_list":["post-80812","post","type-post","status-publish","format-standard","has-post-thumbnail","hentry","category-educacao","category-noticias"],"_links":{"self":[{"href":"https:\/\/tvtecjundiai.com.br\/news\/wp-json\/wp\/v2\/posts\/80812","targetHints":{"allow":["GET"]}}],"collection":[{"href":"https:\/\/tvtecjundiai.com.br\/news\/wp-json\/wp\/v2\/posts"}],"about":[{"href":"https:\/\/tvtecjundiai.com.br\/news\/wp-json\/wp\/v2\/types\/post"}],"author":[{"embeddable":true,"href":"https:\/\/tvtecjundiai.com.br\/news\/wp-json\/wp\/v2\/users\/25"}],"replies":[{"embeddable":true,"href":"https:\/\/tvtecjundiai.com.br\/news\/wp-json\/wp\/v2\/comments?post=80812"}],"version-history":[{"count":1,"href":"https:\/\/tvtecjundiai.com.br\/news\/wp-json\/wp\/v2\/posts\/80812\/revisions"}],"predecessor-version":[{"id":80815,"href":"https:\/\/tvtecjundiai.com.br\/news\/wp-json\/wp\/v2\/posts\/80812\/revisions\/80815"}],"wp:featuredmedia":[{"embeddable":true,"href":"https:\/\/tvtecjundiai.com.br\/news\/wp-json\/wp\/v2\/media\/80814"}],"wp:attachment":[{"href":"https:\/\/tvtecjundiai.com.br\/news\/wp-json\/wp\/v2\/media?parent=80812"}],"wp:term":[{"taxonomy":"category","embeddable":true,"href":"https:\/\/tvtecjundiai.com.br\/news\/wp-json\/wp\/v2\/categories?post=80812"},{"taxonomy":"post_tag","embeddable":true,"href":"https:\/\/tvtecjundiai.com.br\/news\/wp-json\/wp\/v2\/tags?post=80812"}],"curies":[{"name":"wp","href":"https:\/\/api.w.org\/{rel}","templated":true}]}}