{"id":8082,"date":"2018-03-27T14:12:45","date_gmt":"2018-03-27T17:12:45","guid":{"rendered":"https:\/\/tvtecjundiai.com.br\/news\/?p=8082"},"modified":"2018-03-27T14:12:45","modified_gmt":"2018-03-27T17:12:45","slug":"educacao-olimpiada-brasileira-de-astronomia-recebe-inscricoes-ate-sabado-31","status":"publish","type":"post","link":"https:\/\/tvtecjundiai.com.br\/news\/2018\/03\/27\/educacao-olimpiada-brasileira-de-astronomia-recebe-inscricoes-ate-sabado-31\/","title":{"rendered":"Educa\u00e7\u00e3o: Olimp\u00edada Brasileira de Astronomia recebe inscri\u00e7\u00f5es at\u00e9 s\u00e1bado (31)"},"content":{"rendered":"<p>A Olimp\u00edada Brasileira de Astronomia e Astron\u00e1utica (OBA) recebe inscri\u00e7\u00f5es at\u00e9 o pr\u00f3ximo s\u00e1bado (31).\u00a0O evento, que ocorre em 18 de maio, \u00e9 divido em quatro n\u00edveis: tr\u00eas para alunos do ensino fundamental e um para estudantes do ensino m\u00e9dio.<\/p>\n<p>Em 21 anos, a olimp\u00edada j\u00e1 recebeu\u00a08,5 milh\u00f5es de participantes. Anualmente, 40 mil medalhas s\u00e3o distribu\u00eddas para estudantes de todo o pa\u00eds.\u00a0\u201cO objetivo \u00e9 levar a maior quantidade de informa\u00e7\u00f5es sobre as ci\u00eancias espaciais para a sala de aula, despertando o interesse nos jovens\u201d, diz Jo\u00e3o Batista Garcia Canalle, professor de astronomia da Universidade do Estado do Rio de Janeiro (UERJ) e coordenador nacional do evento.<\/p>\n<div id=\"attachment_8078\" style=\"width: 348px\" class=\"wp-caption alignleft\"><a href=\"https:\/\/tvtecjundiai.com.br\/news\/wp-content\/uploads\/sites\/2\/2018\/03\/Astronomia.jpg\"><img loading=\"lazy\" decoding=\"async\" aria-describedby=\"caption-attachment-8078\" class=\"wp-image-8078\" src=\"https:\/\/tvtecjundiai.com.br\/news\/wp-content\/uploads\/sites\/2\/2018\/03\/Astronomia.jpg\" alt=\"\" width=\"338\" height=\"224\" \/><\/a><p id=\"caption-attachment-8078\" class=\"wp-caption-text\">As quest\u00f5es da prova ser\u00e3o de astronomia e astron\u00e1utica\u00a0<\/p><\/div>\n<p>A prova \u00e9 composta por dez quest\u00f5es, sendo sete de astronomia e tr\u00eas de astron\u00e1utica, a maioria delas de racioc\u00ednio l\u00f3gico. Os melhores classificados na OBA v\u00e3o representar o pa\u00eds, no pr\u00f3ximo ano, na Olimp\u00edada Internacional de Astronomia e Astrof\u00edsica e na Olimp\u00edada Latino-Americana de Astronomia e Astron\u00e1utica.<\/p>\n<p><em>(Fonte: Ag\u00eancia Brasil)<\/em><\/p>\n","protected":false},"excerpt":{"rendered":"<p>Podem participar alunos de escolas p\u00fablicas e particulares <\/p>\n","protected":false},"author":11,"featured_media":8078,"comment_status":"closed","ping_status":"closed","sticky":false,"template":"","format":"standard","meta":{"footnotes":""},"categories":[1],"tags":[206,2656,939,21,2657,2413,1842,2655,136],"class_list":["post-8082","post","type-post","status-publish","format-standard","has-post-thumbnail","hentry","category-noticias","tag-alunos","tag-astronautica","tag-astronomia","tag-educacao","tag-escolas-particulares","tag-escolas-publicas","tag-fundacao-tve","tag-olimpiadas","tag-rede-tvtec"],"_links":{"self":[{"href":"https:\/\/tvtecjundiai.com.br\/news\/wp-json\/wp\/v2\/posts\/8082","targetHints":{"allow":["GET"]}}],"collection":[{"href":"https:\/\/tvtecjundiai.com.br\/news\/wp-json\/wp\/v2\/posts"}],"about":[{"href":"https:\/\/tvtecjundiai.com.br\/news\/wp-json\/wp\/v2\/types\/post"}],"author":[{"embeddable":true,"href":"https:\/\/tvtecjundiai.com.br\/news\/wp-json\/wp\/v2\/users\/11"}],"replies":[{"embeddable":true,"href":"https:\/\/tvtecjundiai.com.br\/news\/wp-json\/wp\/v2\/comments?post=8082"}],"version-history":[{"count":1,"href":"https:\/\/tvtecjundiai.com.br\/news\/wp-json\/wp\/v2\/posts\/8082\/revisions"}],"predecessor-version":[{"id":8085,"href":"https:\/\/tvtecjundiai.com.br\/news\/wp-json\/wp\/v2\/posts\/8082\/revisions\/8085"}],"wp:featuredmedia":[{"embeddable":true,"href":"https:\/\/tvtecjundiai.com.br\/news\/wp-json\/wp\/v2\/media\/8078"}],"wp:attachment":[{"href":"https:\/\/tvtecjundiai.com.br\/news\/wp-json\/wp\/v2\/media?parent=8082"}],"wp:term":[{"taxonomy":"category","embeddable":true,"href":"https:\/\/tvtecjundiai.com.br\/news\/wp-json\/wp\/v2\/categories?post=8082"},{"taxonomy":"post_tag","embeddable":true,"href":"https:\/\/tvtecjundiai.com.br\/news\/wp-json\/wp\/v2\/tags?post=8082"}],"curies":[{"name":"wp","href":"https:\/\/api.w.org\/{rel}","templated":true}]}}