{"id":80860,"date":"2021-08-16T11:37:23","date_gmt":"2021-08-16T14:37:23","guid":{"rendered":"https:\/\/tvtecjundiai.com.br\/news\/?p=80860"},"modified":"2021-08-16T11:37:33","modified_gmt":"2021-08-16T14:37:33","slug":"comite-das-criancas-participa-de-festival-peruano-sobre-intervencoes-urbanas","status":"publish","type":"post","link":"https:\/\/tvtecjundiai.com.br\/news\/2021\/08\/16\/comite-das-criancas-participa-de-festival-peruano-sobre-intervencoes-urbanas\/","title":{"rendered":"Comit\u00ea das Crian\u00e7as participa de festival peruano sobre interven\u00e7\u00f5es urbanas"},"content":{"rendered":"\n<p>O Comit\u00ea das Crian\u00e7as de Jundia\u00ed participou de uma atividade especial para o \u201cFestival internacional de Intervenciones Urbanas \u2013 Nin\u00f5s y Ni\u00f1as\u201d, realizado em Lima, no Peru. O encontro gravado, juntamente com os Comit\u00eas das Crian\u00e7as peruanos, argentinos e mexicanos, foi transmitido em um dos pain\u00e9is do Festival, realizado entre a quinta (12) e o \u00faltimo s\u00e1bado (14).<\/p>\n\n\n\n<p>O Comit\u00ea jundiaiense foi representado por B\u00e1rbara Soares, Isadora Silva, Gabriel Silva, Lucas Nascimento e Victor Gabriel Prado, que discutiram o tema \u201cA Cidade Virtual: a virtualidade do mundo dos meninos e meninas, e retorno \u00e0s atividades presenciais\u201d. A proposta do festival este ano \u00e9 \u201cE se constru\u00edssemos uma nova cidade?\u201d.<\/p>\n\n\n\n<p><a rel=\"noreferrer noopener\" href=\"https:\/\/www.facebook.com\/OcupaTuCalle\/videos\/363369748758084\" target=\"_blank\">ASSISTA AO PAINEL<\/a><\/p>\n\n\n\n<figure class=\"wp-block-image size-large\"><img loading=\"lazy\" decoding=\"async\" width=\"1200\" height=\"701\" src=\"https:\/\/tvtecjundiai.com.br\/news\/wp-content\/uploads\/sites\/2\/2021\/08\/comite_criancas_festival_peru-1200x701.png\" alt=\"\" class=\"wp-image-80861\" srcset=\"https:\/\/tvtecjundiai.com.br\/news\/wp-content\/uploads\/sites\/2\/2021\/08\/comite_criancas_festival_peru-1200x701.png 1200w, https:\/\/tvtecjundiai.com.br\/news\/wp-content\/uploads\/sites\/2\/2021\/08\/comite_criancas_festival_peru-300x175.png 300w, https:\/\/tvtecjundiai.com.br\/news\/wp-content\/uploads\/sites\/2\/2021\/08\/comite_criancas_festival_peru-768x449.png 768w, https:\/\/tvtecjundiai.com.br\/news\/wp-content\/uploads\/sites\/2\/2021\/08\/comite_criancas_festival_peru.png 1280w\" sizes=\"auto, (max-width: 1200px) 100vw, 1200px\" \/><\/figure>\n\n\n\n<p>Segundo o gestor da Unidade de Gest\u00e3o de Cultura, Marcelo Peroni, que conduz as reuni\u00f5es do Comit\u00ea, o encontro foi uma oportunidade de integra\u00e7\u00e3o. \u201cCom o apoio de uma int\u00e9rprete, as crian\u00e7as compartilharam com os colegas de outros pa\u00edses os seus sentimentos sobre o isolamento social, a pandemia e o mundo virtual. Foi uma atividade muito produtiva, que j\u00e1 fez surgir a proposta de realizarmos reuni\u00f5es do nosso Comit\u00ea com o Comit\u00ea de Lima, por exemplo\u201d. Peroni tamb\u00e9m participou de um&nbsp;<a href=\"https:\/\/www.facebook.com\/OcupaTuCalle\/videos\/353913306356009\" target=\"_blank\" rel=\"noreferrer noopener\">outro painel para compartilhar as boas-pr\u00e1ticas de Jundia\u00ed pelo programa Cidade das Crian\u00e7as<\/a>.<\/p>\n\n\n\n<p>O Comit\u00ea<br>O Comit\u00ea das Crian\u00e7as \u00e9 um \u00f3rg\u00e3o que visa escutar as demandas e as sugest\u00f5es das crian\u00e7as para diversos segmentos do planejamento urbano de Jundia\u00ed. Institu\u00eddo desde 2019, ap\u00f3s a ades\u00e3o do Munic\u00edpio \u00e0 Rede Latino-Americana \u2013 Cidade das Crian\u00e7as no ano anterior, o Comit\u00ea jundiaiense est\u00e1 em sua terceira composi\u00e7\u00e3o.<\/p>\n\n\n\n<p>Entre as propostas j\u00e1 feitas por seus integrantes, diversas j\u00e1 foram atendidas pela Prefeitura, como a instala\u00e7\u00e3o de brinquedos para crian\u00e7as com defici\u00eancia nos parques, incremento da arboriza\u00e7\u00e3o de ruas e espa\u00e7os p\u00fablicos, modifica\u00e7\u00f5es no mobili\u00e1rio de pra\u00e7as, melhorias no trajeto e entorno das escolas, al\u00e9m da constru\u00e7\u00e3o do Mundo das Crian\u00e7as.<\/p>\n\n\n\n<p><em>(Fonte\/Imagem: Prefeitura de Jundia\u00ed)<\/em><\/p>\n","protected":false},"excerpt":{"rendered":"<p>O encontro foi uma oportunidade de integra\u00e7\u00e3o.<\/p>\n","protected":false},"author":27,"featured_media":80862,"comment_status":"closed","ping_status":"closed","sticky":false,"template":"","format":"standard","meta":{"footnotes":""},"categories":[8356],"tags":[],"class_list":["post-80860","post","type-post","status-publish","format-standard","has-post-thumbnail","hentry","category-jundiai"],"_links":{"self":[{"href":"https:\/\/tvtecjundiai.com.br\/news\/wp-json\/wp\/v2\/posts\/80860","targetHints":{"allow":["GET"]}}],"collection":[{"href":"https:\/\/tvtecjundiai.com.br\/news\/wp-json\/wp\/v2\/posts"}],"about":[{"href":"https:\/\/tvtecjundiai.com.br\/news\/wp-json\/wp\/v2\/types\/post"}],"author":[{"embeddable":true,"href":"https:\/\/tvtecjundiai.com.br\/news\/wp-json\/wp\/v2\/users\/27"}],"replies":[{"embeddable":true,"href":"https:\/\/tvtecjundiai.com.br\/news\/wp-json\/wp\/v2\/comments?post=80860"}],"version-history":[{"count":1,"href":"https:\/\/tvtecjundiai.com.br\/news\/wp-json\/wp\/v2\/posts\/80860\/revisions"}],"predecessor-version":[{"id":80863,"href":"https:\/\/tvtecjundiai.com.br\/news\/wp-json\/wp\/v2\/posts\/80860\/revisions\/80863"}],"wp:featuredmedia":[{"embeddable":true,"href":"https:\/\/tvtecjundiai.com.br\/news\/wp-json\/wp\/v2\/media\/80862"}],"wp:attachment":[{"href":"https:\/\/tvtecjundiai.com.br\/news\/wp-json\/wp\/v2\/media?parent=80860"}],"wp:term":[{"taxonomy":"category","embeddable":true,"href":"https:\/\/tvtecjundiai.com.br\/news\/wp-json\/wp\/v2\/categories?post=80860"},{"taxonomy":"post_tag","embeddable":true,"href":"https:\/\/tvtecjundiai.com.br\/news\/wp-json\/wp\/v2\/tags?post=80860"}],"curies":[{"name":"wp","href":"https:\/\/api.w.org\/{rel}","templated":true}]}}