{"id":80875,"date":"2021-08-16T16:29:54","date_gmt":"2021-08-16T19:29:54","guid":{"rendered":"https:\/\/tvtecjundiai.com.br\/news\/?p=80875"},"modified":"2021-08-16T16:36:49","modified_gmt":"2021-08-16T19:36:49","slug":"com-quase-70-da-populacao-com-primeira-dose-aplicada-jundiai-abre-agenda-covid-19-para-19-anos-1","status":"publish","type":"post","link":"https:\/\/tvtecjundiai.com.br\/news\/2021\/08\/16\/com-quase-70-da-populacao-com-primeira-dose-aplicada-jundiai-abre-agenda-covid-19-para-19-anos-1\/","title":{"rendered":"Vacina\u00e7\u00e3o COVID-19: Jundia\u00ed abre agendamento para pessoas com 19 anos na quarta-feira (18)"},"content":{"rendered":"\n<p>Nesta segunda-feira (16), Jundia\u00ed fez a retirada de mais uma grade de doses de vacinas contra COVID-19, com 4,3 mil doses, na Diretoria Regional de Sa\u00fade (DRS) em Campinas. Com o quantitativo, ser\u00e1 poss\u00edvel avan\u00e7ar a abertura de agendamento para o grupo de 19 anos, na quarta-feira (18), \u00e0s 17h. Jundia\u00ed alcan\u00e7a, segundo dados do site Vacina J\u00e1, do governo do Estado, 293,7 mil pessoas com ao menos a primeira dose recebida, o que corresponde a 69,4% da popula\u00e7\u00e3o da cidade. Segundas doses de Coronavac e Astrazeneca tamb\u00e9m ser\u00e3o aplicadas nesta semana.<\/p>\n\n\n\n<p>\u201cJundia\u00ed avan\u00e7a com a aplica\u00e7\u00e3o das doses em com novas agendas nesta semana. O avan\u00e7o da aplica\u00e7\u00e3o para 70% da popula\u00e7\u00e3o com ao menos a primeira dose recebida \u00e9 essencial contra a pandemia da COVID-19. Conforme as grades de vacinas s\u00e3o recebidas, imediatamente s\u00e3o direcionadas para o agendamento e aplica\u00e7\u00e3o\u201d, comenta o prefeito Luiz Fernando Machado.<\/p>\n\n\n\n<figure class=\"wp-block-image size-large\"><img loading=\"lazy\" decoding=\"async\" width=\"1200\" height=\"800\" src=\"https:\/\/tvtecjundiai.com.br\/news\/wp-content\/uploads\/sites\/2\/2021\/08\/vacinacao_covid_22_morada_das_vinhas-10-1200x800.jpg\" alt=\"\" class=\"wp-image-80879\" srcset=\"https:\/\/tvtecjundiai.com.br\/news\/wp-content\/uploads\/sites\/2\/2021\/08\/vacinacao_covid_22_morada_das_vinhas-10-1200x800.jpg 1200w, https:\/\/tvtecjundiai.com.br\/news\/wp-content\/uploads\/sites\/2\/2021\/08\/vacinacao_covid_22_morada_das_vinhas-10-300x200.jpg 300w, https:\/\/tvtecjundiai.com.br\/news\/wp-content\/uploads\/sites\/2\/2021\/08\/vacinacao_covid_22_morada_das_vinhas-10-768x512.jpg 768w, https:\/\/tvtecjundiai.com.br\/news\/wp-content\/uploads\/sites\/2\/2021\/08\/vacinacao_covid_22_morada_das_vinhas-10.jpg 1280w\" sizes=\"auto, (max-width: 1200px) 100vw, 1200px\" \/><figcaption>Aplica\u00e7\u00e3o avan\u00e7a para p\u00fablico com 19 anos, com agendamento nesta quarta-feira (18)<br><\/figcaption><\/figure>\n\n\n\n<p><strong>Cronograma<\/strong><br>Assim como divulgado anteriormente, nesta ter\u00e7a-feira (17), \u00e0s 17h, ser\u00e1 aberta agenda para aplica\u00e7\u00e3o da primeira dose para as pessoas com 20 anos. J\u00e1 na quarta-feira (18), \u00e0s 17h, ser\u00e1 aberta agenda para pessoas com 19 anos. E, na quinta-feira (19), \u00e0s 17h, a repescagem ser\u00e1 refor\u00e7ada para pessoas com 27 a 59 anos.<\/p>\n\n\n\n<p><strong>Segundas doses<\/strong><br>Pessoas que tomaram a primeira dose at\u00e9 o dia 24\/07 e quem recebeu Astrazeneca at\u00e9 o dia 29\/05 devem procurar o local em que recebeu a primeira dose ou polo fixo de aplica\u00e7\u00e3o. Para confirmar o prazo de aplica\u00e7\u00e3o, basta consultar o Agendamento no site: vacina.jundiai.sp.gov.br\/agendamento, no site da Prefeitura de Jundia\u00ed.<\/p>\n\n\n\n<p><em>(Fonte\/Imagem: Prefeitura de Jundia\u00ed)<\/em><\/p>\n","protected":false},"excerpt":{"rendered":"<p>A abertura de agendamento para o grupo de 19 anos, ser\u00e1 na quarta-feira (18), \u00e0s 17h.<\/p>\n","protected":false},"author":27,"featured_media":80879,"comment_status":"closed","ping_status":"closed","sticky":false,"template":"","format":"standard","meta":{"footnotes":""},"categories":[8356],"tags":[],"class_list":["post-80875","post","type-post","status-publish","format-standard","has-post-thumbnail","hentry","category-jundiai"],"_links":{"self":[{"href":"https:\/\/tvtecjundiai.com.br\/news\/wp-json\/wp\/v2\/posts\/80875","targetHints":{"allow":["GET"]}}],"collection":[{"href":"https:\/\/tvtecjundiai.com.br\/news\/wp-json\/wp\/v2\/posts"}],"about":[{"href":"https:\/\/tvtecjundiai.com.br\/news\/wp-json\/wp\/v2\/types\/post"}],"author":[{"embeddable":true,"href":"https:\/\/tvtecjundiai.com.br\/news\/wp-json\/wp\/v2\/users\/27"}],"replies":[{"embeddable":true,"href":"https:\/\/tvtecjundiai.com.br\/news\/wp-json\/wp\/v2\/comments?post=80875"}],"version-history":[{"count":3,"href":"https:\/\/tvtecjundiai.com.br\/news\/wp-json\/wp\/v2\/posts\/80875\/revisions"}],"predecessor-version":[{"id":80883,"href":"https:\/\/tvtecjundiai.com.br\/news\/wp-json\/wp\/v2\/posts\/80875\/revisions\/80883"}],"wp:featuredmedia":[{"embeddable":true,"href":"https:\/\/tvtecjundiai.com.br\/news\/wp-json\/wp\/v2\/media\/80879"}],"wp:attachment":[{"href":"https:\/\/tvtecjundiai.com.br\/news\/wp-json\/wp\/v2\/media?parent=80875"}],"wp:term":[{"taxonomy":"category","embeddable":true,"href":"https:\/\/tvtecjundiai.com.br\/news\/wp-json\/wp\/v2\/categories?post=80875"},{"taxonomy":"post_tag","embeddable":true,"href":"https:\/\/tvtecjundiai.com.br\/news\/wp-json\/wp\/v2\/tags?post=80875"}],"curies":[{"name":"wp","href":"https:\/\/api.w.org\/{rel}","templated":true}]}}