{"id":80923,"date":"2021-08-17T15:47:07","date_gmt":"2021-08-17T18:47:07","guid":{"rendered":"https:\/\/tvtecjundiai.com.br\/news\/?p=80923"},"modified":"2021-08-17T16:05:09","modified_gmt":"2021-08-17T19:05:09","slug":"coca-cola-femsa-brasil-lanca-novo-edital-para-apoiar-projetos-sociais-em-jundiai","status":"publish","type":"post","link":"https:\/\/tvtecjundiai.com.br\/news\/2021\/08\/17\/coca-cola-femsa-brasil-lanca-novo-edital-para-apoiar-projetos-sociais-em-jundiai\/","title":{"rendered":"Coca-Cola FEMSA Brasil lan\u00e7a novo edital para apoiar projetos sociais em Jundia\u00ed"},"content":{"rendered":"\n<p>A Coca-Cola FEMSA Brasil, maior engarrafadora de produtos Coca-Cola no mundo em volume de vendas, lan\u00e7ou a 6\u00b0 edi\u00e7\u00e3o do edital \u2018Ideias para um Mundo Melhor\u2019. Neste ano, ONGs poder\u00e3o receber at\u00e9 R$ 50 mil para projetos sociais que atuem no desenvolvimento comunit\u00e1rio e bem-estar social nos estados onde a companhia tem opera\u00e7\u00f5es (MG, MS, PR, RS, SC e SP). Jundia\u00ed \u00e9 novamente uma das cidades contempladas pelo edital.<\/p>\n\n\n\n<p>A edi\u00e7\u00e3o de 2021 receber\u00e1, at\u00e9 31 de agosto, provenientes de organiza\u00e7\u00f5es sociais sediadas no munic\u00edpio e legalmente constitu\u00eddas sem fins lucrativos, propostas divididas em tr\u00eas \u00e1reas: Inclus\u00e3o, em que poder\u00e3o ser tratados temas como diversidade, empoderamento dos p\u00fablicos feminino, racial, LGBTQIA+, PCD e refugiados; meio ambiente, com temas voltados para \u00e1gua, economia circular e clima; e empreendedorismo, voltado para o fomento econ\u00f4mico, gera\u00e7\u00e3o de emprego e renda.<\/p>\n\n\n\n<figure class=\"wp-block-image size-large\"><img loading=\"lazy\" decoding=\"async\" width=\"1200\" height=\"675\" src=\"https:\/\/tvtecjundiai.com.br\/news\/wp-content\/uploads\/sites\/2\/2019\/04\/Unidade-da-FEMSA-em-Jundia\u00ed-1200x675.jpg\" alt=\"\" class=\"wp-image-28058\" srcset=\"https:\/\/tvtecjundiai.com.br\/news\/wp-content\/uploads\/sites\/2\/2019\/04\/Unidade-da-FEMSA-em-Jundia\u00ed-1200x675.jpg 1200w, https:\/\/tvtecjundiai.com.br\/news\/wp-content\/uploads\/sites\/2\/2019\/04\/Unidade-da-FEMSA-em-Jundia\u00ed-300x169.jpg 300w, https:\/\/tvtecjundiai.com.br\/news\/wp-content\/uploads\/sites\/2\/2019\/04\/Unidade-da-FEMSA-em-Jundia\u00ed-768x432.jpg 768w, https:\/\/tvtecjundiai.com.br\/news\/wp-content\/uploads\/sites\/2\/2019\/04\/Unidade-da-FEMSA-em-Jundia\u00ed.jpg 2000w\" sizes=\"auto, (max-width: 1200px) 100vw, 1200px\" \/><\/figure>\n\n\n\n<p>\u201cCom o avan\u00e7o da vacina\u00e7\u00e3o e a expectativa do retorno \u00e0 normalidade, essa edi\u00e7\u00e3o do edital \u201cIdeias para um Mundo Melhor\u201d visa empoderar as pessoas atrav\u00e9s de crescimento pessoal, profissional e de inclus\u00e3o. O edital j\u00e1 se mostrou relevante ao impactar 20.600 pessoas por interm\u00e9dio de ONGs e refor\u00e7a a miss\u00e3o da Coca-Cola FEMSA Brasil de gerar bem-estar social nos lugares em que est\u00e1 presente\u201d, afirma Camila Amaral, diretora Jur\u00eddica e Assuntos Corporativos.<\/p>\n\n\n\n<p>Al\u00e9m de Jundia\u00ed, este ano, foram contempladas as cidades de Bauru, Campinas, Mar\u00edlia, Mogi das Cruzes e Sumar\u00e9 (SP), Ant\u00f4nio Carlos (SC), Porto Alegre (RS), Maring\u00e1 e Curitiba (PR), Itabirito (MG) e Campo Grande (MS). Cada uma delas poder\u00e1 receber aportes de at\u00e9 R$ 50 mil do edital, a serem distribu\u00eddos entre os projetos selecionados.<\/p>\n\n\n\n<p>Para incentivar o maior n\u00famero de inscri\u00e7\u00f5es de projetos, a companhia oferece, em parceria com a ONG Parceiros Volunt\u00e1rios, institui\u00e7\u00e3o sem fins lucrativos que dissemina a cultura do trabalho organizado, cursos de capacita\u00e7\u00e3o voltados para a elabora\u00e7\u00e3o de projetos, metas e indicadores, al\u00e9m de conceitos de inova\u00e7\u00e3o e ferramentas digitais.<\/p>\n\n\n\n<figure class=\"wp-block-image size-large\"><img loading=\"lazy\" decoding=\"async\" width=\"1200\" height=\"627\" src=\"https:\/\/tvtecjundiai.com.br\/news\/wp-content\/uploads\/sites\/2\/2021\/08\/Divulgacao-do-Edital.png\" alt=\"\" class=\"wp-image-80924\" srcset=\"https:\/\/tvtecjundiai.com.br\/news\/wp-content\/uploads\/sites\/2\/2021\/08\/Divulgacao-do-Edital.png 1200w, https:\/\/tvtecjundiai.com.br\/news\/wp-content\/uploads\/sites\/2\/2021\/08\/Divulgacao-do-Edital-300x157.png 300w, https:\/\/tvtecjundiai.com.br\/news\/wp-content\/uploads\/sites\/2\/2021\/08\/Divulgacao-do-Edital-768x401.png 768w\" sizes=\"auto, (max-width: 1200px) 100vw, 1200px\" \/><\/figure>\n\n\n\n<p><br><strong>A\u00e7\u00f5es amenizam desigualdades sociais<\/strong><br>Nos cinco anos de edital, o aporte financeiro da Coca-Cola FEMSA Brasil possibilitou o desenvolvimento de a\u00e7\u00f5es capazes de amenizaram desigualdades sociais. Em Jundia\u00ed, onde a empresa opera uma f\u00e1brica que \u00e9 refer\u00eancia mundial em consumo econ\u00f4mico de \u00e1gua, recursos destinados pelo edital apoiaram o trabalho de tr\u00eas ONGs nesse per\u00edodo.<\/p>\n\n\n\n<p>Uma delas foi a Associa\u00e7\u00e3o Almater, que prop\u00f4s no projeto \u2018Alimentando o futuro\u2019 a abertura de um curso regular de cozinha experimental para capacitar diretamente 20 mulheres e utilizar o produto desse curso como fonte de alimento para 150 crian\u00e7as que j\u00e1 s\u00e3o atendidas pela entidade.<\/p>\n\n\n\n<p>De acordo com Narrinam Camargo, respons\u00e1vel pelo projeto da Almater, o investimento e o suporte na execu\u00e7\u00e3o proporcionados pela Coca-Cola FEMSA Brasil foram muito importantes para que a institui\u00e7\u00e3o apresentasse uma nova perspectiva sobre alimenta\u00e7\u00e3o consciente para as m\u00e3es participantes, e tamb\u00e9m colaborou para a constru\u00e7\u00e3o de v\u00ednculos ainda mais fortes com elas.<\/p>\n\n\n\n<p>A Almater desenvolve um trabalho com crian\u00e7as e adolescentes em situa\u00e7\u00e3o de risco social no territ\u00f3rio do Jardim S\u00e3o Camilo. Narrinam explica que a quest\u00e3o da alimenta\u00e7\u00e3o sempre foi uma grande vertente da atua\u00e7\u00e3o da entidade.<br>\u201cPromover uma alimenta\u00e7\u00e3o mais consciente, saud\u00e1vel e respons\u00e1vel era uma das nossas prioridades. Contudo, por conta do or\u00e7amento limitado, realidade da maioria das organiza\u00e7\u00f5es da sociedade civil do terceiro setor, n\u00e3o t\u00ednhamos condi\u00e7\u00f5es de executar um projeto que trabalhasse exclusivamente com esta demanda. O edital nos proporcionou uma oportunidade de sonhar a respeito e construir um projeto\u201d, ressalta ela.<\/p>\n\n\n\n<p>Foi concebido ent\u00e3o um curso de cozinha, em que as m\u00e3es das crian\u00e7as atendidas na OSC pudessem aprender sobre alimenta\u00e7\u00e3o natural e reaproveitamento de alimentos. A organiza\u00e7\u00e3o montou tamb\u00e9m um m\u00f3dulo de cozinha empreendedora, considerando todas as necessidades de gera\u00e7\u00e3o de renda das fam\u00edlias atendidas.<\/p>\n\n\n\n<p>\u201cMesmo com a pandemia, conseguimos executar o projeto \u00e0 dist\u00e2ncia. Organizamos material de apoio, adaptamos as aulas presenciais para v\u00eddeo aulas, combinamos um calend\u00e1rio semanal de atividades e conversamos abertamente com todas as nossas m\u00e3es. Realizamos o projeto com 40 m\u00e3es do territ\u00f3rio, no meio da pandemia, com todas as dificuldades financeiras das fam\u00edlias. Foi incr\u00edvel e transformador\u201d, destaca Narrinam.<\/p>\n\n\n\n<p><br><strong>Outras organiza\u00e7\u00f5es beneficiadas<\/strong><br>A demais institui\u00e7\u00f5es anteriormente beneficiadas pelo edital em Jundia\u00ed foram a Associa\u00e7\u00e3o Acolhimento Bom Pastor, que promoveu a cidadania participativa para crian\u00e7as e adolescentes do bairro Jardim Novo Horizonte, a partir do estudo de temas relacionados ao uso consciente da \u00e1gua e ao correto descarte de res\u00edduos por meio do uso de m\u00eddias sociais e pe\u00e7as audiovisuais, como jornal, blog e v\u00eddeos, no projeto \u2018M\u00eddia Cidad\u00e3\u2019; e a CESPROM &#8211; Associa\u00e7\u00e3o Educadora e Beneficente, que acolhe imigrantes e venceu o edital com a proposta de oferecer por meio do projeto \u2018M\u00e3os em A\u00e7\u00e3o\u2019 cursos de capacita\u00e7\u00e3o em panifica\u00e7\u00e3o, confeitaria e auxiliar de cozinha para auxiliar as pessoas atendidas a melhorar suas chances no mercado de trabalho, contribuindo tamb\u00e9m para mitigar o impacto causado pela pandemia de Covid-19.<\/p>\n\n\n\n<p><em>(Fonte\/Imagem: &nbsp;Coca-Cola FEMSA)<\/em><\/p>\n","protected":false},"excerpt":{"rendered":"<p>Nos cinco anos de edital, o aporte financeiro possibilitou a\u00e7\u00f5es capazes de amenizaram desigualdades sociais.<\/p>\n","protected":false},"author":27,"featured_media":28058,"comment_status":"closed","ping_status":"closed","sticky":false,"template":"","format":"standard","meta":{"footnotes":""},"categories":[8356],"tags":[],"class_list":["post-80923","post","type-post","status-publish","format-standard","has-post-thumbnail","hentry","category-jundiai"],"_links":{"self":[{"href":"https:\/\/tvtecjundiai.com.br\/news\/wp-json\/wp\/v2\/posts\/80923","targetHints":{"allow":["GET"]}}],"collection":[{"href":"https:\/\/tvtecjundiai.com.br\/news\/wp-json\/wp\/v2\/posts"}],"about":[{"href":"https:\/\/tvtecjundiai.com.br\/news\/wp-json\/wp\/v2\/types\/post"}],"author":[{"embeddable":true,"href":"https:\/\/tvtecjundiai.com.br\/news\/wp-json\/wp\/v2\/users\/27"}],"replies":[{"embeddable":true,"href":"https:\/\/tvtecjundiai.com.br\/news\/wp-json\/wp\/v2\/comments?post=80923"}],"version-history":[{"count":5,"href":"https:\/\/tvtecjundiai.com.br\/news\/wp-json\/wp\/v2\/posts\/80923\/revisions"}],"predecessor-version":[{"id":80930,"href":"https:\/\/tvtecjundiai.com.br\/news\/wp-json\/wp\/v2\/posts\/80923\/revisions\/80930"}],"wp:featuredmedia":[{"embeddable":true,"href":"https:\/\/tvtecjundiai.com.br\/news\/wp-json\/wp\/v2\/media\/28058"}],"wp:attachment":[{"href":"https:\/\/tvtecjundiai.com.br\/news\/wp-json\/wp\/v2\/media?parent=80923"}],"wp:term":[{"taxonomy":"category","embeddable":true,"href":"https:\/\/tvtecjundiai.com.br\/news\/wp-json\/wp\/v2\/categories?post=80923"},{"taxonomy":"post_tag","embeddable":true,"href":"https:\/\/tvtecjundiai.com.br\/news\/wp-json\/wp\/v2\/tags?post=80923"}],"curies":[{"name":"wp","href":"https:\/\/api.w.org\/{rel}","templated":true}]}}