{"id":80965,"date":"2021-08-18T12:05:07","date_gmt":"2021-08-18T15:05:07","guid":{"rendered":"https:\/\/tvtecjundiai.com.br\/news\/?p=80965"},"modified":"2021-08-18T15:12:40","modified_gmt":"2021-08-18T18:12:40","slug":"caminho-com-diferentes-texturas-estimulam-atividades-sensoriais-em-alunos-1","status":"publish","type":"post","link":"https:\/\/tvtecjundiai.com.br\/news\/2021\/08\/18\/caminho-com-diferentes-texturas-estimulam-atividades-sensoriais-em-alunos-1\/","title":{"rendered":"Caminho com diferentes texturas estimula atividades sensoriais em alunos de Jundia\u00ed"},"content":{"rendered":"\n<p>\u00c1gua, pequenos galhos, pedras, flores, serragem, madeira, concreto, folhas, bolinhas com l\u00edquido dentro, foram algumas das diferentes texturas que os alunos do 4\u00ba ano da EMEB Maria Ang\u00e9lica Loren\u00e7on da Prefeitura de Jundia\u00ed, no Corrupira sentiram ao passarem descal\u00e7os pelo caminho sensorial.&nbsp;<\/p>\n\n\n\n<p>Os elementos da natureza presentes no caminho foram recolhidos na pr\u00f3pria escola, em seguida separados e classificados pelas pr\u00f3prias crian\u00e7as. Antes de entrar no caminho com as diferentes texturas, as crian\u00e7as higienizaram os p\u00e9s com \u00e1lcool em gel.&nbsp;<\/p>\n\n\n\n<figure class=\"wp-block-image\"><img decoding=\"async\" src=\"https:\/\/jundiai.sp.gov.br\/noticias\/wp-content\/uploads\/sites\/32\/2021\/08\/caminho-sensorial_emeb-maria-angelica-27.jpg\" alt=\"imagem mostra caminho com diferentes tipos de materiais em cada espa\u00e7o, h\u00e1 bolinhas coloridas, pequenas pedras, folhas secas, bloco de concreto.\" class=\"wp-image-274418\" \/><figcaption>Caminho estimula a percep\u00e7\u00e3o sensorial pelos p\u00e9s das crian\u00e7as<\/figcaption><\/figure>\n\n\n\n<p>Melissa passou pela primeira vez na trilha e, ao pisar nas folhas secas, prestou aten\u00e7\u00e3o aos sons quando os p\u00e9s tocavam o material para eleger o favorito. \u201cEu gostei principalmente das bolinhas com l\u00edquido dentro. A pedra \u00e9 muito dura\u201d, Melissa Rodrigues da Costa, 8 anos.<\/p>\n\n\n\n<p>Ap\u00f3s sair da trilha, as crian\u00e7as tiveram os olhos vendados e com talheres descart\u00e1veis cada aluno foi estimulado a descobrir qual fruta estava comendo, mas pelo olfato ou paladar. Bianca de Souza, 8 anos, aprovou a trilha e o teste de descobrir qual era a fruta experimentada. \u201cNo caminho, gostei, principalmente dos mais fofinhos, mas as pedrinhas n\u00e3o s\u00e3o t\u00e3o legais. Com rela\u00e7\u00e3o \u00e0s frutas, eu descobri que era morango somente pelo cheiro\u201d, contou a garota.&nbsp;<\/p>\n\n\n\n<figure class=\"wp-block-image\"><img decoding=\"async\" src=\"https:\/\/jundiai.sp.gov.br\/noticias\/wp-content\/uploads\/sites\/32\/2021\/08\/caminho-sensorial_emeb-maria-angelica-356.jpg\" alt=\"menina de uniforme azul, com pano amarelo vendando os olhos. Mulher com roupa com manga rosa d\u00e1 morango para a menina experimentar\" class=\"wp-image-274417\" \/><figcaption>Bianca descobriu a fruta antes de experimentar, quando sentiu o cheiro do morango<\/figcaption><\/figure>\n\n\n\n<p>A ideia de montar as atividades sensoriais partiu das educadoras Mirella Andr\u00e9 Matos do Atendimento Educacional Especializado (AEE) e Maria L\u00edgia Alves Pellizzer Marin, por conta de dois alunos da escola. \u201cDois dos nossos alunos t\u00eam espectro autista, um deles \u00e9 hipersens\u00edvel e o outro tem dificuldades em experimentar novos alimentos. Frente a isso, come\u00e7amos a pensar em atividades para ajud\u00e1-los. Al\u00e9m disso, durante o per\u00edodo de ensino remoto, as crian\u00e7as tiveram pouco est\u00edmulo e resolvemos abrir a atividade para todos para que os alunos possam prestar aten\u00e7\u00e3o n\u00e3o somente ao visual, mas tamb\u00e9m \u00e0s texturas, aos outros sentidos\u201d, comentaram as educadores.&nbsp;<\/p>\n\n\n\n<p>As atividades est\u00e3o em conson\u00e2ncia com as premissas da Escola Inovadora \u201cO caminho sensorial une as atividades ao ar livre e o compromisso com a Educa\u00e7\u00e3o Inclusiva, equitativa e de qualidade, promovendo oportunidades de aprendizagem para todos e todas\u201d, lembra a gestora de Educa\u00e7\u00e3o, Vast\u00ed Ferrari Marques.<\/p>\n\n\n\n<figure class=\"wp-block-image\"><img decoding=\"async\" src=\"https:\/\/jundiai.sp.gov.br\/noticias\/wp-content\/uploads\/sites\/32\/2021\/08\/caminho-sensorial_emeb-maria-angelica-168.jpg\" alt=\"imagem mostra mulher, com avental rosa, ela leva crian\u00e7a, com uniforme azul por caminho que tem pedras, flores amarelas. \" class=\"wp-image-274419\" \/><figcaption>Professora Mirella iniciou a a\u00e7\u00e3o para alunos de Educa\u00e7\u00e3o Inclusiva e ampliou para todos os estudantes<\/figcaption><\/figure>\n\n\n\n<p><em>(Fonte\/Imagem: Prefeitura de Jundia\u00ed) <\/em><\/p>\n","protected":false},"excerpt":{"rendered":"<p>A ideia de atividades sensoriais partiu das educadoras Mirella Andr\u00e9 Matos do Atendimento Educacional Especializado.<\/p>\n","protected":false},"author":27,"featured_media":80966,"comment_status":"closed","ping_status":"closed","sticky":false,"template":"","format":"standard","meta":{"footnotes":""},"categories":[2828,8356],"tags":[],"class_list":["post-80965","post","type-post","status-publish","format-standard","has-post-thumbnail","hentry","category-educacao","category-jundiai"],"_links":{"self":[{"href":"https:\/\/tvtecjundiai.com.br\/news\/wp-json\/wp\/v2\/posts\/80965","targetHints":{"allow":["GET"]}}],"collection":[{"href":"https:\/\/tvtecjundiai.com.br\/news\/wp-json\/wp\/v2\/posts"}],"about":[{"href":"https:\/\/tvtecjundiai.com.br\/news\/wp-json\/wp\/v2\/types\/post"}],"author":[{"embeddable":true,"href":"https:\/\/tvtecjundiai.com.br\/news\/wp-json\/wp\/v2\/users\/27"}],"replies":[{"embeddable":true,"href":"https:\/\/tvtecjundiai.com.br\/news\/wp-json\/wp\/v2\/comments?post=80965"}],"version-history":[{"count":3,"href":"https:\/\/tvtecjundiai.com.br\/news\/wp-json\/wp\/v2\/posts\/80965\/revisions"}],"predecessor-version":[{"id":80987,"href":"https:\/\/tvtecjundiai.com.br\/news\/wp-json\/wp\/v2\/posts\/80965\/revisions\/80987"}],"wp:featuredmedia":[{"embeddable":true,"href":"https:\/\/tvtecjundiai.com.br\/news\/wp-json\/wp\/v2\/media\/80966"}],"wp:attachment":[{"href":"https:\/\/tvtecjundiai.com.br\/news\/wp-json\/wp\/v2\/media?parent=80965"}],"wp:term":[{"taxonomy":"category","embeddable":true,"href":"https:\/\/tvtecjundiai.com.br\/news\/wp-json\/wp\/v2\/categories?post=80965"},{"taxonomy":"post_tag","embeddable":true,"href":"https:\/\/tvtecjundiai.com.br\/news\/wp-json\/wp\/v2\/tags?post=80965"}],"curies":[{"name":"wp","href":"https:\/\/api.w.org\/{rel}","templated":true}]}}