{"id":81078,"date":"2021-08-20T12:02:40","date_gmt":"2021-08-20T15:02:40","guid":{"rendered":"https:\/\/tvtecjundiai.com.br\/news\/?p=81078"},"modified":"2021-08-20T12:02:45","modified_gmt":"2021-08-20T15:02:45","slug":"ugmt-informa-mudancas-no-codigo-de-transito-para-motociclistas","status":"publish","type":"post","link":"https:\/\/tvtecjundiai.com.br\/news\/2021\/08\/20\/ugmt-informa-mudancas-no-codigo-de-transito-para-motociclistas\/","title":{"rendered":"UGMT informa mudan\u00e7as no C\u00f3digo de Tr\u00e2nsito para motociclistas"},"content":{"rendered":"\n<p>A Unidade de Gest\u00e3o de Mobilidade e Transporte, por meio do Programa La\u00e7o Amarelo, informa algumas mudan\u00e7as realizadas no CTB (C\u00f3digo de Tr\u00e2nsito Brasileiro) a partir de abril deste ano, com foco nos motociclistas. No entanto, todos que transitam pelas vias de Jundia\u00ed devem estar atentos \u00e0s regras.<\/p>\n\n\n\n<figure class=\"wp-block-image\"><img decoding=\"async\" src=\"https:\/\/jundiai.sp.gov.br\/noticias\/wp-content\/uploads\/sites\/32\/2021\/08\/transito_motos-36.jpg\" alt=\"Moto circula por avenida de Jundia\u00ed\" class=\"wp-image-274598\" \/><figcaption>Uma das mudan\u00e7as \u00e9 a puni\u00e7\u00e3o para quem trafega com a viseira levantada<\/figcaption><\/figure>\n\n\n\n<p>\u201cEm mar\u00e7o deste ano, a Prefeitura de Jundia\u00ed fez a ades\u00e3o ao Programa La\u00e7o Amarelo, voltado para reduzir acidentes de tr\u00e2nsito investindo na educa\u00e7\u00e3o dos motoristas da cidade\u201d, explica o gestor de Mobilidade e Transporte, Aloysio Queiroz. \u201cE um dos nossos focos principais, quando se tratam de informa\u00e7\u00f5es sobre seguran\u00e7a e educa\u00e7\u00e3o no tr\u00e2nsito, \u00e9 o motociclista.\u201d<\/p>\n\n\n\n<p>Uma das altera\u00e7\u00f5es no CTB \u00e9 o aumento da idade m\u00ednima para transportar crian\u00e7as em motocicletas, motonetas e ciclomotores, que passou dos 7 anos para 10 anos. A proposta \u00e9 proteger as crian\u00e7as. \u201cO ideal \u00e9 que cada adulto avalie se a crian\u00e7a com dez anos ou mais tem habilidade para ser um garupa\u201d, informa Aloysio. Destreza, agilidade, entender os movimentos do motociclista s\u00e3o essenciais para a seguran\u00e7a do garupa. Se a crian\u00e7a nunca subiu em uma motocicleta, o ideal \u00e9 treinar com ela em local seguro, antes de sair pelas ruas e avenidas.<\/p>\n\n\n\n<p>Outra mudan\u00e7a foi a puni\u00e7\u00e3o para quem trafega com a viseira levantada, um item feito para a seguran\u00e7a do motociclista. Pedras, insetos, objetos muito pequenos podem atingir os olhos se a viseira estiver levantada e levar a um acidente. Um alerta importante \u00e9 trocar a viseira do capacete, caso ela esteja riscada ou trincada.<\/p>\n\n\n\n<p><em>(Fonte\/Imagem: Prefeitura de Jundia\u00ed)<\/em><\/p>\n","protected":false},"excerpt":{"rendered":"<p>Uma das altera\u00e7\u00f5es no CTB \u00e9 o aumento da idade m\u00ednima para transportar crian\u00e7as em motocicletas.<\/p>\n","protected":false},"author":27,"featured_media":0,"comment_status":"closed","ping_status":"closed","sticky":false,"template":"","format":"standard","meta":{"footnotes":""},"categories":[8356,6151,3059],"tags":[],"class_list":["post-81078","post","type-post","status-publish","format-standard","hentry","category-jundiai","category-transito","category-transportes"],"_links":{"self":[{"href":"https:\/\/tvtecjundiai.com.br\/news\/wp-json\/wp\/v2\/posts\/81078","targetHints":{"allow":["GET"]}}],"collection":[{"href":"https:\/\/tvtecjundiai.com.br\/news\/wp-json\/wp\/v2\/posts"}],"about":[{"href":"https:\/\/tvtecjundiai.com.br\/news\/wp-json\/wp\/v2\/types\/post"}],"author":[{"embeddable":true,"href":"https:\/\/tvtecjundiai.com.br\/news\/wp-json\/wp\/v2\/users\/27"}],"replies":[{"embeddable":true,"href":"https:\/\/tvtecjundiai.com.br\/news\/wp-json\/wp\/v2\/comments?post=81078"}],"version-history":[{"count":1,"href":"https:\/\/tvtecjundiai.com.br\/news\/wp-json\/wp\/v2\/posts\/81078\/revisions"}],"predecessor-version":[{"id":81080,"href":"https:\/\/tvtecjundiai.com.br\/news\/wp-json\/wp\/v2\/posts\/81078\/revisions\/81080"}],"wp:attachment":[{"href":"https:\/\/tvtecjundiai.com.br\/news\/wp-json\/wp\/v2\/media?parent=81078"}],"wp:term":[{"taxonomy":"category","embeddable":true,"href":"https:\/\/tvtecjundiai.com.br\/news\/wp-json\/wp\/v2\/categories?post=81078"},{"taxonomy":"post_tag","embeddable":true,"href":"https:\/\/tvtecjundiai.com.br\/news\/wp-json\/wp\/v2\/tags?post=81078"}],"curies":[{"name":"wp","href":"https:\/\/api.w.org\/{rel}","templated":true}]}}