{"id":81081,"date":"2021-08-20T12:04:28","date_gmt":"2021-08-20T15:04:28","guid":{"rendered":"https:\/\/tvtecjundiai.com.br\/news\/?p=81081"},"modified":"2021-08-20T12:04:31","modified_gmt":"2021-08-20T15:04:31","slug":"pista-de-skate-do-mundo-das-criancas-abre-neste-domingo-22-com-agendamento","status":"publish","type":"post","link":"https:\/\/tvtecjundiai.com.br\/news\/2021\/08\/20\/pista-de-skate-do-mundo-das-criancas-abre-neste-domingo-22-com-agendamento\/","title":{"rendered":"Pista de Skate do Mundo das Crian\u00e7as abre neste domingo (22), com agendamento"},"content":{"rendered":"\n<p>A DAE Jundia\u00ed, empresa que administra o Mundo das Crian\u00e7as, informa que a pista de Skate do espa\u00e7o estar\u00e1 aberta a partir deste domingo (22). Para utilizar, ser\u00e1 necess\u00e1rio realizar o agendamento espec\u00edfico para o Skate, j\u00e1 dispon\u00edvel no site do Mundo.<\/p>\n\n\n\n<figure class=\"wp-block-image\"><img decoding=\"async\" src=\"https:\/\/jundiai.sp.gov.br\/noticias\/wp-content\/uploads\/sites\/32\/2021\/08\/skate_mundo-das-criancas.jpg\" alt=\"\" class=\"wp-image-274609\" \/><figcaption>Agendamento ser\u00e1 feito pelo site do Mundo das Crian\u00e7as: de manh\u00e3, apenas a entrada de crian\u00e7as com at\u00e9 12 anos ser\u00e1 permitida; \u00e0 tarde, adultos e crian\u00e7as com experi\u00eancia. CPF \u00e9 necess\u00e1rio para cadastro<\/figcaption><\/figure>\n\n\n\n<p>Ser\u00e3o dois per\u00edodos para acesso: pela manh\u00e3, das 7 \u00e0s 12 horas, a pista estar\u00e1 aberta para crian\u00e7as com at\u00e9 12 anos, acompanhadas por um adulto respons\u00e1vel; j\u00e1 \u00e0 tarde, das 13 \u00e0s 17 horas, para adultos e crian\u00e7as com experi\u00eancia.<\/p>\n\n\n\n<p>Com isso, quem optar por ir de manh\u00e3, dever\u00e1 agendar pelo CPF do menor, que dar\u00e1 direito a levar o respons\u00e1vel. \u00c0 tarde, cada CPF vai garantir apenas uma entrada. Ser\u00e1 permitido o uso por at\u00e9 50 pessoas, por per\u00edodo, e dever\u00e1 ser apresentado, al\u00e9m do comprovante de agendamento, um documento com foto.<\/p>\n\n\n\n<p>A DAE informa ainda que \u00e9 obrigat\u00f3rio estar de capacete fechado e t\u00eanis (tanto para adultos quanto para crian\u00e7as). Equipamentos como joelheira e munhequeira tamb\u00e9m s\u00e3o recomendados. Neste momento, a pista vai atender apenas quem quer andar de skate. Bikes, patins e patinetes n\u00e3o poder\u00e3o ser utilizados.<\/p>\n\n\n\n<p>Para ter acesso \u00e0s demais \u00e1reas, como fontes, quadras, foguete, parquinhos e Casa da \u00c1rvore, ainda ser\u00e1 preciso fazer o agendamento de visitante. Mais informa\u00e7\u00f5es podem ser obtidas no site&nbsp;<a href=\"http:\/\/www.mundodascriancasjundiai.com.br\/\">www.mundodascriancasjundiai.com.br<\/a>.<\/p>\n\n\n\n<p><strong>Estrutura<\/strong><\/p>\n\n\n\n<p>A pista de Skate do Mundo das Crian\u00e7as foi homologada pela Federa\u00e7\u00e3o Paulista de Skate (FPS) e tem 1.250 m\u00b2 de \u00e1rea constru\u00edda.<\/p>\n\n\n\n<p>A estrutura conta com dois banks (que lembram o formato de uma piscina) e uma \u00e1rea de street com diversos obst\u00e1culos e rampas. O espa\u00e7o tamb\u00e9m possui arquibancadas e quiosques.<\/p>\n\n\n\n<p><em>(Fonte: DAE Jundia\u00ed\/Imagem: Prefeitura de Jundia\u00ed)<\/em><\/p>\n","protected":false},"excerpt":{"rendered":"<p>A pista de Skate do Mundo das Crian\u00e7as foi homologada pela Federa\u00e7\u00e3o Paulista de Skate (FPS).<\/p>\n","protected":false},"author":27,"featured_media":81082,"comment_status":"closed","ping_status":"closed","sticky":false,"template":"","format":"standard","meta":{"footnotes":""},"categories":[8356,8354],"tags":[],"class_list":["post-81081","post","type-post","status-publish","format-standard","has-post-thumbnail","hentry","category-jundiai","category-lazer"],"_links":{"self":[{"href":"https:\/\/tvtecjundiai.com.br\/news\/wp-json\/wp\/v2\/posts\/81081","targetHints":{"allow":["GET"]}}],"collection":[{"href":"https:\/\/tvtecjundiai.com.br\/news\/wp-json\/wp\/v2\/posts"}],"about":[{"href":"https:\/\/tvtecjundiai.com.br\/news\/wp-json\/wp\/v2\/types\/post"}],"author":[{"embeddable":true,"href":"https:\/\/tvtecjundiai.com.br\/news\/wp-json\/wp\/v2\/users\/27"}],"replies":[{"embeddable":true,"href":"https:\/\/tvtecjundiai.com.br\/news\/wp-json\/wp\/v2\/comments?post=81081"}],"version-history":[{"count":1,"href":"https:\/\/tvtecjundiai.com.br\/news\/wp-json\/wp\/v2\/posts\/81081\/revisions"}],"predecessor-version":[{"id":81083,"href":"https:\/\/tvtecjundiai.com.br\/news\/wp-json\/wp\/v2\/posts\/81081\/revisions\/81083"}],"wp:featuredmedia":[{"embeddable":true,"href":"https:\/\/tvtecjundiai.com.br\/news\/wp-json\/wp\/v2\/media\/81082"}],"wp:attachment":[{"href":"https:\/\/tvtecjundiai.com.br\/news\/wp-json\/wp\/v2\/media?parent=81081"}],"wp:term":[{"taxonomy":"category","embeddable":true,"href":"https:\/\/tvtecjundiai.com.br\/news\/wp-json\/wp\/v2\/categories?post=81081"},{"taxonomy":"post_tag","embeddable":true,"href":"https:\/\/tvtecjundiai.com.br\/news\/wp-json\/wp\/v2\/tags?post=81081"}],"curies":[{"name":"wp","href":"https:\/\/api.w.org\/{rel}","templated":true}]}}