{"id":81135,"date":"2021-08-21T16:49:13","date_gmt":"2021-08-21T19:49:13","guid":{"rendered":"https:\/\/tvtecjundiai.com.br\/news\/?p=81135"},"modified":"2021-08-21T16:49:17","modified_gmt":"2021-08-21T19:49:17","slug":"direto-de-toquio-pedro-barros-inspira-e-dropa-na-nova-pista-de-skate-de-jundiai","status":"publish","type":"post","link":"https:\/\/tvtecjundiai.com.br\/news\/2021\/08\/21\/direto-de-toquio-pedro-barros-inspira-e-dropa-na-nova-pista-de-skate-de-jundiai\/","title":{"rendered":"Direto de T\u00f3quio, Pedro Barros inspira e \u2018dropa\u2019 na nova pista de skate de Jundia\u00ed"},"content":{"rendered":"\n<p>Skatistas da cidade e a imprensa puderam conferir, na manh\u00e3 deste s\u00e1bado (21), a nova pista de skate de Jundia\u00ed: localizada no Mundo das Crian\u00e7as, ela estar\u00e1 aberta a partir deste domingo (22), com agendamento pelo site do espa\u00e7o. Um incentivo a mais fez toda a diferen\u00e7a: o medalhista ol\u00edmpico, rec\u00e9m-chegado de T\u00f3quio, e um dos maiores nomes da modalidade no pa\u00eds, Pedro Barros, estreou os banks e conquistou o p\u00fablico.<\/p>\n\n\n\n<p>Com 1.250 m\u00b2 de \u00e1rea constru\u00edda, a pista do Mundo das Crian\u00e7as \u00e9 homologada pela Federa\u00e7\u00e3o Paulista de Skate (FPS). Com a conquista ol\u00edmpica, Barros, que \u00e9 natural de Florian\u00f3polis, tem aproveitado o momento para defender a constru\u00e7\u00e3o de mais pistas de skate pelo Pa\u00eds.<\/p>\n\n\n\n<figure class=\"wp-block-image\"><img decoding=\"async\" src=\"https:\/\/jundiai.sp.gov.br\/noticias\/wp-content\/uploads\/sites\/32\/2021\/08\/img_0562.jpg\" alt=\"\" class=\"wp-image-274704\" \/><figcaption>Pedro Barros, medalhista ol\u00edmpico, fez grandes manobras na nova pista<\/figcaption><\/figure>\n\n\n\n<p>Medalha de prata no ano em que o skate estreou nas Olimp\u00edadas, Barros aprovou a nova pista e aposta no esporte como elemento de transforma\u00e7\u00e3o para as novas gera\u00e7\u00f5es. \u201cFoi demais poder ver aqui um espa\u00e7o realmente cultural, trazendo o melhor exemplo de educa\u00e7\u00e3o para as crian\u00e7as. Na inf\u00e2ncia, a energia nos motiva a aprender e isso \u00e9 evolu\u00e7\u00e3o. Ter acesso a essa quantidade de cultura e esportes reunidos aqui no Mundo das Crian\u00e7as \u00e9 uma parada fenomenal, \u00e9 a transforma\u00e7\u00e3o que a gente precisa\u201d, destacou.<\/p>\n\n\n\n<p>Se depender da skatista Lav\u00ednia Gagliardo Oliveira, de 19 anos, praticante de street, a pista est\u00e1 mais que aprovada. \u201cFicou um arraso, adorei tudo! Quando n\u00e3o estiver trabalhando, pode ter certeza que eu estarei aqui\u201d, avisou.<\/p>\n\n\n\n<p><strong>Decks panor\u00e2micos<\/strong><br>As obras da pista de Skate tiveram in\u00edcio no final de 2020 e foram conclu\u00eddas em julho, quando teve in\u00edcio o paisagismo do entorno. Ao todo, s\u00e3o 1.250 m\u00b2 de \u00e1rea constru\u00edda, com uma estrutura que inclui dois banks (que lembram o formato de uma piscina) e uma \u00e1rea de street com diversos obst\u00e1culos e rampas.<\/p>\n\n\n\n<figure class=\"wp-block-image\"><img decoding=\"async\" src=\"https:\/\/jundiai.sp.gov.br\/noticias\/wp-content\/uploads\/sites\/32\/2021\/08\/img_0864.jpg\" alt=\"\" class=\"wp-image-274703\" \/><figcaption>Pais e filhos estiveram na inaugura\u00e7\u00e3o da nova pista, com 1.250 m\u00b2 de \u00e1rea constru\u00edda<\/figcaption><\/figure>\n\n\n\n<p>Com arquibancadas e quiosques, a pista tamb\u00e9m conta com decks, que d\u00e3o uma vis\u00e3o panor\u00e2mica, passarelas para facilitar o acesso ao local e guarda-corpos, como medida de seguran\u00e7a nos pontos de observa\u00e7\u00e3o do esporte.<\/p>\n\n\n\n<p>Para Walter da Costa e Silva Filho, diretor presidente da DAE Jundia\u00ed, empresa respons\u00e1vel pela administra\u00e7\u00e3o do Mundo, a pista de skate chega para agregar ainda mais valor ao parque. \u201cO Mundo das Crian\u00e7as tem um conceito inovador, que estimula o brincar e a experi\u00eancia atrav\u00e9s das atra\u00e7\u00f5es aqui existentes. A pista de skate \u00e9 mais uma atra\u00e7\u00e3o que incentiva essa experimenta\u00e7\u00e3o, seja pela crian\u00e7a, seja pelo adulto praticante do esporte\u201d, destacou.<\/p>\n\n\n\n<p>O presidente da Federa\u00e7\u00e3o Paulista de Skate, Roberto Ma\u00e7aneiro, andou na pista e aprovou a estrutura. \u201cJundia\u00ed se coloca no mapa do skate, com um espa\u00e7o para receber eventos e campeonatos. O avan\u00e7o \u00e9 enorme\u201d. O evento deste s\u00e1bado contou com o apoio da Companhia de Saneamento de Jundia\u00ed (CSJ).<\/p>\n\n\n\n<figure class=\"wp-block-image\"><img decoding=\"async\" src=\"https:\/\/jundiai.sp.gov.br\/noticias\/wp-content\/uploads\/sites\/32\/2021\/08\/img_9546.jpg\" alt=\"\" class=\"wp-image-274702\" \/><\/figure>\n\n\n\n<p><strong>Agendamento<\/strong><br>O agendamento para o uso da Pista de Skate j\u00e1 est\u00e1 dispon\u00edvel no&nbsp;<a href=\"http:\/\/www.mundodascriancasjundiai.com.br\/\" target=\"_blank\" rel=\"noreferrer noopener\">site do Mundo<\/a>, sendo dois per\u00edodos para acesso: pela manh\u00e3, das 7 \u00e0s 12 horas, vale para crian\u00e7as com at\u00e9 12 anos, acompanhadas por um adulto respons\u00e1vel, e \u00e0 tarde, das 13 \u00e0s 17 horas, para adultos e crian\u00e7as com experi\u00eancia.<\/p>\n\n\n\n<p>Em cada um deles, \u00e9 permitido o uso de at\u00e9 50 pessoas, que devem apresentar, al\u00e9m do comprovante de agendamento, um documento com foto. O uso de capacete fechado e t\u00eanis \u00e9 obrigat\u00f3rio.<\/p>\n\n\n\n<p><strong><em>(Fonte\/Imagem: Prefeitura de Jundia\u00ed)<\/em><\/strong><\/p>\n","protected":false},"excerpt":{"rendered":"<p>Mundo das Crian\u00e7as \u00e9 um espa\u00e7o inovador que estimula o brincar e a experi\u00eancia atrav\u00e9s das atra\u00e7\u00f5es aqui existentes<\/p>\n","protected":false},"author":24,"featured_media":81136,"comment_status":"closed","ping_status":"closed","sticky":false,"template":"","format":"standard","meta":{"footnotes":""},"categories":[8356],"tags":[],"class_list":["post-81135","post","type-post","status-publish","format-standard","has-post-thumbnail","hentry","category-jundiai"],"_links":{"self":[{"href":"https:\/\/tvtecjundiai.com.br\/news\/wp-json\/wp\/v2\/posts\/81135","targetHints":{"allow":["GET"]}}],"collection":[{"href":"https:\/\/tvtecjundiai.com.br\/news\/wp-json\/wp\/v2\/posts"}],"about":[{"href":"https:\/\/tvtecjundiai.com.br\/news\/wp-json\/wp\/v2\/types\/post"}],"author":[{"embeddable":true,"href":"https:\/\/tvtecjundiai.com.br\/news\/wp-json\/wp\/v2\/users\/24"}],"replies":[{"embeddable":true,"href":"https:\/\/tvtecjundiai.com.br\/news\/wp-json\/wp\/v2\/comments?post=81135"}],"version-history":[{"count":1,"href":"https:\/\/tvtecjundiai.com.br\/news\/wp-json\/wp\/v2\/posts\/81135\/revisions"}],"predecessor-version":[{"id":81137,"href":"https:\/\/tvtecjundiai.com.br\/news\/wp-json\/wp\/v2\/posts\/81135\/revisions\/81137"}],"wp:featuredmedia":[{"embeddable":true,"href":"https:\/\/tvtecjundiai.com.br\/news\/wp-json\/wp\/v2\/media\/81136"}],"wp:attachment":[{"href":"https:\/\/tvtecjundiai.com.br\/news\/wp-json\/wp\/v2\/media?parent=81135"}],"wp:term":[{"taxonomy":"category","embeddable":true,"href":"https:\/\/tvtecjundiai.com.br\/news\/wp-json\/wp\/v2\/categories?post=81135"},{"taxonomy":"post_tag","embeddable":true,"href":"https:\/\/tvtecjundiai.com.br\/news\/wp-json\/wp\/v2\/tags?post=81135"}],"curies":[{"name":"wp","href":"https:\/\/api.w.org\/{rel}","templated":true}]}}