{"id":81141,"date":"2021-08-21T16:59:38","date_gmt":"2021-08-21T19:59:38","guid":{"rendered":"https:\/\/tvtecjundiai.com.br\/news\/?p=81141"},"modified":"2021-08-21T16:59:40","modified_gmt":"2021-08-21T19:59:40","slug":"jundiai-registra-um-obito-por-covid-19-neste-sabado-21","status":"publish","type":"post","link":"https:\/\/tvtecjundiai.com.br\/news\/2021\/08\/21\/jundiai-registra-um-obito-por-covid-19-neste-sabado-21\/","title":{"rendered":"Jundia\u00ed registra um \u00f3bito por COVID-19 neste sab\u00e1do (21)"},"content":{"rendered":"\n<p>A Prefeitura de Jundia\u00ed informa que, neste s\u00e1bado (21), foi registrada uma notifica\u00e7\u00e3o de \u00f3bito de residentes na cidade causados pelo Novo Coronav\u00edrus, at\u00e9 o fechamento deste boletim.<\/p>\n\n\n\n<p>Homem, 70 anos, portador de doen\u00e7a cardiovascular cr\u00f4nica. Internou em 13\/08 e faleceu em 20\/08 no Hospital S\u00e3o Vicente.<\/p>\n\n\n\n<p>At\u00e9 o momento, a cidade registra 1544 \u00f3bitos causados pela COVID-19 desde o in\u00edcio da pandemia.<\/p>\n\n\n\n<figure class=\"wp-block-image\"><img decoding=\"async\" src=\"https:\/\/jundiai.sp.gov.br\/noticias\/wp-content\/uploads\/sites\/32\/2021\/08\/slide1-3-960x960.jpg\" alt=\"\" class=\"wp-image-274711\" \/><\/figure>\n\n\n\n<figure class=\"wp-block-image\"><img decoding=\"async\" src=\"https:\/\/jundiai.sp.gov.br\/noticias\/wp-content\/uploads\/sites\/32\/2021\/08\/slide2-3-960x960.jpg\" alt=\"\" class=\"wp-image-274712\" \/><\/figure>\n\n\n\n<p><strong><em>(Fonte\/Imagem: Prefeitura de Jundia\u00ed)<\/em><\/strong><\/p>\n","protected":false},"excerpt":{"rendered":"<p>O munic\u00edpio registrou, tamb\u00e9m, 95 novos casos<\/p>\n","protected":false},"author":24,"featured_media":77886,"comment_status":"closed","ping_status":"closed","sticky":false,"template":"","format":"standard","meta":{"footnotes":""},"categories":[1],"tags":[],"class_list":["post-81141","post","type-post","status-publish","format-standard","has-post-thumbnail","hentry","category-noticias"],"_links":{"self":[{"href":"https:\/\/tvtecjundiai.com.br\/news\/wp-json\/wp\/v2\/posts\/81141","targetHints":{"allow":["GET"]}}],"collection":[{"href":"https:\/\/tvtecjundiai.com.br\/news\/wp-json\/wp\/v2\/posts"}],"about":[{"href":"https:\/\/tvtecjundiai.com.br\/news\/wp-json\/wp\/v2\/types\/post"}],"author":[{"embeddable":true,"href":"https:\/\/tvtecjundiai.com.br\/news\/wp-json\/wp\/v2\/users\/24"}],"replies":[{"embeddable":true,"href":"https:\/\/tvtecjundiai.com.br\/news\/wp-json\/wp\/v2\/comments?post=81141"}],"version-history":[{"count":1,"href":"https:\/\/tvtecjundiai.com.br\/news\/wp-json\/wp\/v2\/posts\/81141\/revisions"}],"predecessor-version":[{"id":81142,"href":"https:\/\/tvtecjundiai.com.br\/news\/wp-json\/wp\/v2\/posts\/81141\/revisions\/81142"}],"wp:featuredmedia":[{"embeddable":true,"href":"https:\/\/tvtecjundiai.com.br\/news\/wp-json\/wp\/v2\/media\/77886"}],"wp:attachment":[{"href":"https:\/\/tvtecjundiai.com.br\/news\/wp-json\/wp\/v2\/media?parent=81141"}],"wp:term":[{"taxonomy":"category","embeddable":true,"href":"https:\/\/tvtecjundiai.com.br\/news\/wp-json\/wp\/v2\/categories?post=81141"},{"taxonomy":"post_tag","embeddable":true,"href":"https:\/\/tvtecjundiai.com.br\/news\/wp-json\/wp\/v2\/tags?post=81141"}],"curies":[{"name":"wp","href":"https:\/\/api.w.org\/{rel}","templated":true}]}}