{"id":81146,"date":"2021-08-22T11:31:16","date_gmt":"2021-08-22T14:31:16","guid":{"rendered":"https:\/\/tvtecjundiai.com.br\/news\/?p=81146"},"modified":"2021-08-22T11:31:24","modified_gmt":"2021-08-22T14:31:24","slug":"portal-jundiai-empreendedora-completa-tres-meses-com-mais-de-45-mil-ofertas-de-emprego-e-fomento-aos-negocios","status":"publish","type":"post","link":"https:\/\/tvtecjundiai.com.br\/news\/2021\/08\/22\/portal-jundiai-empreendedora-completa-tres-meses-com-mais-de-45-mil-ofertas-de-emprego-e-fomento-aos-negocios\/","title":{"rendered":"Portal Jundia\u00ed Empreendedora completa tr\u00eas meses com mais de 4,5 mil ofertas de emprego e fomento aos neg\u00f3cios"},"content":{"rendered":"\n<p>O portal Jundia\u00ed Empreendedora completa, em agosto, tr\u00eas meses com n\u00fameros expressivos. Com 500 mil acessos, a plataforma foi criada com o intuito de fomentar a gera\u00e7\u00e3o de emprego e renda no munic\u00edpio, incentivar o empreendedorismo, atrair mais investimentos para Jundia\u00ed e aproximar a popula\u00e7\u00e3o, as empresas e o poder p\u00fablico.<\/p>\n\n\n\n<p>Nos tr\u00eas primeiros meses, o Portal ofertou 4796 vagas de emprego de pequenas, m\u00e9dias e grandes empresas, que j\u00e1 utilizam do canal para contrata\u00e7\u00e3o de m\u00e3o de obra. Empresas como a C&amp;A, Rold\u00e3o, Castelo Alimentos, Sodexo, Grupo Carrefour, Total Express, Atacad\u00e3o, Coco Bambu, JBS\/SEARA, Kalimera, Coca-Cola FEMSA.<\/p>\n\n\n\n<p>O Atacadista Rold\u00e3o, que inaugura sua segunda loja em Jundia\u00ed e a empresa de log\u00edstica Total Express, que chega em Jundia\u00ed em outubro utilizaram do Portal para novas contrata\u00e7\u00f5es atrav\u00e9s da plataforma. \u201cO Portal torna nosso servi\u00e7o muito mais r\u00e1pido e pr\u00e1tico. Nosso processo seletivo foi bem mais r\u00e1pido com o suporte do Portal\u201d, explica a analista de Recursos Humanos do Grupo Rold\u00e3o, Jaqueline Alves dos Santos.<\/p>\n\n\n\n<p>Nesta sexta-feira, o Portal est\u00e1 com 1465 ofertas de emprego nas mais diferentes \u00e1reas. \u201cCidade boa \u00e9 a cidade que gera emprego e renda para as pessoas que vivem aqui e ainda ajudam no crescimento do nosso PIB. Esse portal vem justamente fortalecendo ainda mais nossa economia. As vagas abertas mostram que a retomada econ\u00f4mica \u00e9 s\u00f3lida. Estamos falando de uma importante ferramenta para o empreendedorismo e mais investimentos para nossa cidade, aproximando popula\u00e7\u00e3o, empresas e poder p\u00fablico\u201d, explica o prefeito Luiz Fernando Machado.<\/p>\n\n\n\n<p>Segundo o gestor da Unidade de Gest\u00e3o de Desenvolvimento Econ\u00f4mico, Ci\u00eancia e Tecnologia (UGDECT), Cristiano Lopes, o portal vem cumprindo seu papel de conectar as pessoas atrav\u00e9s do mundo digital. \u201cEle vem fazendo o elo entre a empresa que precisa da m\u00e3o de obra com o trabalhador que busca o emprego\u201d, explica.<\/p>\n\n\n\n<figure class=\"wp-block-image size-large\"><img loading=\"lazy\" decoding=\"async\" width=\"768\" height=\"512\" src=\"https:\/\/tvtecjundiai.com.br\/news\/wp-content\/uploads\/sites\/2\/2021\/08\/apresentacao_jundiai_empreendedora-8-768x512-1.jpg\" alt=\"\" class=\"wp-image-81147\" srcset=\"https:\/\/tvtecjundiai.com.br\/news\/wp-content\/uploads\/sites\/2\/2021\/08\/apresentacao_jundiai_empreendedora-8-768x512-1.jpg 768w, https:\/\/tvtecjundiai.com.br\/news\/wp-content\/uploads\/sites\/2\/2021\/08\/apresentacao_jundiai_empreendedora-8-768x512-1-300x200.jpg 300w\" sizes=\"auto, (max-width: 768px) 100vw, 768px\" \/><figcaption>P\u00e1gina re\u00fane informa\u00e7\u00f5es, ofertas e cadastros de empresas, com\u00e9rcios e prestadores de servi\u00e7os<\/figcaption><\/figure>\n\n\n\n<p><strong>MEU COM\u00c9RCIO<\/strong><br>No eixo \u201cMeu Com\u00e9rcio\u201d, que concentra os cadastros e informa\u00e7\u00f5es sobre os prestadores de servi\u00e7o, comerciantes, MEIs da cidade, 409 comerciantes j\u00e1 est\u00e3o cadastrados.<\/p>\n\n\n\n<p>Para o prefeito, o Meu Com\u00e9rcio \u00e9 uma alternativa de identificar por meio de um portal os prestadores de servi\u00e7o, comerciantes e empres\u00e1rios, desde os mais simples at\u00e9 aqueles mais elaborados e tecnol\u00f3gicos. \u201cEstamos somando a intelig\u00eancia e a inova\u00e7\u00e3o para que o cidad\u00e3o tenha essa facilidade dada pela Prefeitura quando houver a necessidade de um servi\u00e7o\u201d, destacou.<\/p>\n\n\n\n<p>Para Cristiano Lopes, o Meu Com\u00e9rcio conecta quem quer comprar com quem quer vender, quem procura um prestador de servi\u00e7o e quem faz o servi\u00e7o. \u201c\u00c9 um incentivo para o jundiaiense consumir localmente. \u00c9 uma alternativa gratuita do empreendedor, comerciante, prestador de servi\u00e7o de divulgar seu trabalho. Queremos que o jundiaiense consuma em Jundia\u00ed\u201d, afirma.<\/p>\n\n\n\n<p>De acordo com o gestor da Unidade de Gest\u00e3o de Governo e Finan\u00e7as (UGGF) Jos\u00e9 Antonio Parimoschi, com o foco na condu\u00e7\u00e3o de cidade inteligente, o Portal Jundia\u00ed Empreendedora interliga os setores. \u201cO setor produtivo pode buscar por m\u00e3o de obra qualificada, assim como os trabalhadores, al\u00e9m de contar com a oferta das vagas dispon\u00edveis na cidade, ainda agregam conhecimento. Sintetizar em uma plataforma virtual o atendimento a diversas demandas, proporcionando gera\u00e7\u00e3o de emprego, renda e oportunidades, \u00e9 o grande diferencial do modelo adotado por Jundia\u00ed\u201d, avalia.<\/p>\n\n\n\n<p><\/p>\n\n\n\n<p>Fonte\/Imagem: Prefeitura de Jundia\u00ed <\/p>\n","protected":false},"excerpt":{"rendered":"<p>O portal Jundia\u00ed Empreendedora completa, em agosto, tr\u00eas meses com n\u00fameros expressivos<\/p>\n","protected":false},"author":9,"featured_media":81147,"comment_status":"closed","ping_status":"closed","sticky":false,"template":"","format":"standard","meta":{"footnotes":""},"categories":[8362],"tags":[],"class_list":["post-81146","post","type-post","status-publish","format-standard","has-post-thumbnail","hentry","category-empreendedorismo"],"_links":{"self":[{"href":"https:\/\/tvtecjundiai.com.br\/news\/wp-json\/wp\/v2\/posts\/81146","targetHints":{"allow":["GET"]}}],"collection":[{"href":"https:\/\/tvtecjundiai.com.br\/news\/wp-json\/wp\/v2\/posts"}],"about":[{"href":"https:\/\/tvtecjundiai.com.br\/news\/wp-json\/wp\/v2\/types\/post"}],"author":[{"embeddable":true,"href":"https:\/\/tvtecjundiai.com.br\/news\/wp-json\/wp\/v2\/users\/9"}],"replies":[{"embeddable":true,"href":"https:\/\/tvtecjundiai.com.br\/news\/wp-json\/wp\/v2\/comments?post=81146"}],"version-history":[{"count":1,"href":"https:\/\/tvtecjundiai.com.br\/news\/wp-json\/wp\/v2\/posts\/81146\/revisions"}],"predecessor-version":[{"id":81148,"href":"https:\/\/tvtecjundiai.com.br\/news\/wp-json\/wp\/v2\/posts\/81146\/revisions\/81148"}],"wp:featuredmedia":[{"embeddable":true,"href":"https:\/\/tvtecjundiai.com.br\/news\/wp-json\/wp\/v2\/media\/81147"}],"wp:attachment":[{"href":"https:\/\/tvtecjundiai.com.br\/news\/wp-json\/wp\/v2\/media?parent=81146"}],"wp:term":[{"taxonomy":"category","embeddable":true,"href":"https:\/\/tvtecjundiai.com.br\/news\/wp-json\/wp\/v2\/categories?post=81146"},{"taxonomy":"post_tag","embeddable":true,"href":"https:\/\/tvtecjundiai.com.br\/news\/wp-json\/wp\/v2\/tags?post=81146"}],"curies":[{"name":"wp","href":"https:\/\/api.w.org\/{rel}","templated":true}]}}