{"id":81173,"date":"2021-08-23T11:11:06","date_gmt":"2021-08-23T14:11:06","guid":{"rendered":"https:\/\/tvtecjundiai.com.br\/news\/?p=81173"},"modified":"2021-08-23T11:11:13","modified_gmt":"2021-08-23T14:11:13","slug":"conselho-de-relacoes-internacionais-faz-workshop-para-novos-exportadores-em-agosto","status":"publish","type":"post","link":"https:\/\/tvtecjundiai.com.br\/news\/2021\/08\/23\/conselho-de-relacoes-internacionais-faz-workshop-para-novos-exportadores-em-agosto\/","title":{"rendered":"Conselho de Rela\u00e7\u00f5es Internacionais faz workshop para novos exportadores em agosto"},"content":{"rendered":"\n<p>Depois do sucesso do primeiro encontro, o Conselho Municipal de Rela\u00e7\u00f5es Internacionais \u2013 CMRI, com apoio da Prefeitura de Jundia\u00ed, organiza para a pr\u00f3xima quinta-feira (26) o Workshop para Iniciantes na Exporta\u00e7\u00e3o.<\/p>\n\n\n\n<p>Na ocasi\u00e3o ser\u00e1 debatido o segundo tema: \u201cComo Definir Pre\u00e7o de Exporta\u00e7\u00e3o\u201d.<\/p>\n\n\n\n<p>A proposta do workshop \u00e9 incentivar empresas de pequeno e m\u00e9dio porte a procurar outros mercados e apresentar a exporta\u00e7\u00e3o como oportunidade de novos neg\u00f3cios.<\/p>\n\n\n\n<p>\u201cSe voc\u00ea encontra dificuldade em formar o pre\u00e7o do seu produto para vender ao mercado externo essa \u00e9 uma \u00f3tima oportunidade de tirar todas as duas d\u00favidas\u201d, explica &nbsp;assessora de Coopera\u00e7\u00e3o Internacional da Prefeitura de Jundia\u00ed, Ligia Contursi.<\/p>\n\n\n\n<figure class=\"wp-block-image\"><img decoding=\"async\" src=\"https:\/\/jundiai.sp.gov.br\/noticias\/wp-content\/uploads\/sites\/32\/2021\/08\/internacional.png\" alt=\"\" class=\"wp-image-274726\" \/><figcaption>Inscri\u00e7\u00f5es gratuitas podem ser feitas pelo portal Sympla<\/figcaption><\/figure>\n\n\n\n<p>A apresenta\u00e7\u00e3o do workshop ser\u00e1 feita pelo Consultor de Neg\u00f3cios Internacionais do Sebrae-SP, Marcos Stahl.<\/p>\n\n\n\n<p>As inscri\u00e7\u00f5es podem ser feitas pelo<a href=\"https:\/\/www.sympla.com.br\/1-workshop-iniciantes-na-exportacao---------------------2-tema-como-definir-preco-de-exportacao__1309870\">\u00a0Sympla<\/a>. Em julho, ocorreu o primeiro encontro do workshop com o tema \u201cConhecimento de Novos Mercados Internacionais\u201d.<\/p>\n\n\n\n<p><em>(Fonte\/Imagem:Prefeitura de Jundia\u00ed)<\/em><\/p>\n","protected":false},"excerpt":{"rendered":"<p>A apresenta\u00e7\u00e3o do workshop ser\u00e1 feita pelo Consultor de Neg\u00f3cios Internacionais do Sebrae-SP.<\/p>\n","protected":false},"author":27,"featured_media":81174,"comment_status":"closed","ping_status":"closed","sticky":false,"template":"","format":"standard","meta":{"footnotes":""},"categories":[8356],"tags":[],"class_list":["post-81173","post","type-post","status-publish","format-standard","has-post-thumbnail","hentry","category-jundiai"],"_links":{"self":[{"href":"https:\/\/tvtecjundiai.com.br\/news\/wp-json\/wp\/v2\/posts\/81173","targetHints":{"allow":["GET"]}}],"collection":[{"href":"https:\/\/tvtecjundiai.com.br\/news\/wp-json\/wp\/v2\/posts"}],"about":[{"href":"https:\/\/tvtecjundiai.com.br\/news\/wp-json\/wp\/v2\/types\/post"}],"author":[{"embeddable":true,"href":"https:\/\/tvtecjundiai.com.br\/news\/wp-json\/wp\/v2\/users\/27"}],"replies":[{"embeddable":true,"href":"https:\/\/tvtecjundiai.com.br\/news\/wp-json\/wp\/v2\/comments?post=81173"}],"version-history":[{"count":1,"href":"https:\/\/tvtecjundiai.com.br\/news\/wp-json\/wp\/v2\/posts\/81173\/revisions"}],"predecessor-version":[{"id":81175,"href":"https:\/\/tvtecjundiai.com.br\/news\/wp-json\/wp\/v2\/posts\/81173\/revisions\/81175"}],"wp:featuredmedia":[{"embeddable":true,"href":"https:\/\/tvtecjundiai.com.br\/news\/wp-json\/wp\/v2\/media\/81174"}],"wp:attachment":[{"href":"https:\/\/tvtecjundiai.com.br\/news\/wp-json\/wp\/v2\/media?parent=81173"}],"wp:term":[{"taxonomy":"category","embeddable":true,"href":"https:\/\/tvtecjundiai.com.br\/news\/wp-json\/wp\/v2\/categories?post=81173"},{"taxonomy":"post_tag","embeddable":true,"href":"https:\/\/tvtecjundiai.com.br\/news\/wp-json\/wp\/v2\/tags?post=81173"}],"curies":[{"name":"wp","href":"https:\/\/api.w.org\/{rel}","templated":true}]}}