{"id":81184,"date":"2021-08-23T14:39:56","date_gmt":"2021-08-23T17:39:56","guid":{"rendered":"https:\/\/tvtecjundiai.com.br\/news\/?p=81184"},"modified":"2021-08-23T14:40:02","modified_gmt":"2021-08-23T17:40:02","slug":"quadra-coberta-do-cras-novo-horizonte-vira-novo-espaco-de-lazer-e-convivencia","status":"publish","type":"post","link":"https:\/\/tvtecjundiai.com.br\/news\/2021\/08\/23\/quadra-coberta-do-cras-novo-horizonte-vira-novo-espaco-de-lazer-e-convivencia\/","title":{"rendered":"Quadra coberta do Cras Novo Horizonte vira novo espa\u00e7o de lazer e conviv\u00eancia"},"content":{"rendered":"\n<p>O prefeito Luiz Fernando Machado visitou na manh\u00e3 desta segunda-feira (23) a obra da cobertura da quadra do Centro de Refer\u00eancia de Assist\u00eancia Social (Cras) Novo Horizonte. Al\u00e9m da vistoria do local, o prefeito fez tamb\u00e9m a entrega formal \u00e0 popula\u00e7\u00e3o do bairro, que j\u00e1 est\u00e1 aproveitando o local para a realiza\u00e7\u00e3o de pr\u00e1ticas esportivas, conviv\u00eancia e pr\u00e1ticas integrativas em sa\u00fade.<\/p>\n\n\n\n<p>Al\u00e9m da constru\u00e7\u00e3o da cobertura da quadra, uma antiga demanda da comunidade, o espa\u00e7o ganhou tamb\u00e9m um quiosque e uma academia ao ar livre, com investimentos de cerca de R$ 512 mil por parte da Prefeitura. A proposta \u00e9 que toda a comunidade e os cerca de 200 atendidos semanalmente pelo Cras possam usufruir do espa\u00e7o para as atividades diversas, como pelo Servi\u00e7o de Prote\u00e7\u00e3o e Atendimento Especializado a Fam\u00edlias e Indiv\u00edduos (PAEFI) e pelo Servi\u00e7o de Conviv\u00eancia e Fortalecimento de V\u00ednculos (SCFV), que j\u00e1 est\u00e3o sendo retomados pelo Cras ou pelas Organiza\u00e7\u00f5es da Sociedade Civil (OSC) presentes na regi\u00e3o.<\/p>\n\n\n\n<figure class=\"wp-block-image\"><img decoding=\"async\" src=\"https:\/\/jundiai.sp.gov.br\/noticias\/wp-content\/uploads\/sites\/32\/2021\/08\/visita_prefeito_nova_cobertura_quadra_novo_horizonte-346.jpg\" alt=\"Quadra coberta, com pessoas em p\u00e9 conversando, em semi-c\u00edrculo afastado\" class=\"wp-image-274755\" \/><figcaption>Cobertura da quadra ir\u00e1 permitir amplia\u00e7\u00e3o de uso pelos usu\u00e1rios do Cras e de toda a comunidade<\/figcaption><\/figure>\n\n\n\n<p>\u201cEsta \u00e9 uma ocasi\u00e3o muito feliz em poder fiscalizar as melhorias e cumprimentar a comunidade. Esta quadra dever\u00e1 unificar as atividades de conviv\u00eancia do Cras e permitir mais lazer e socializa\u00e7\u00e3o. Que voc\u00eas possam aproveitar a quadra, cooperando com a sua conserva\u00e7\u00e3o e atentos aos protocolos de cuidado com a pandemia. Da nossa parte, os projetos para melhorar ainda mais a regi\u00e3o s\u00e3o constantes\u201d, compartilhou Luiz Fernando, acompanhado da presidente do Fundo Social de Solidariedade, Vanessa Machado.<\/p>\n\n\n\n<p>Para a gestora da Unidade de Gest\u00e3o de Assist\u00eancia e Desenvolvimento Social (UGADS), Maria Brant, as novidades s\u00e3o um rico convite para que a popula\u00e7\u00e3o usufrua do espa\u00e7o de modo muito saud\u00e1vel. \u201cA proposta dos Cras \u00e9 apoiar e fortalecer os v\u00ednculos e as redes para as pessoas em situa\u00e7\u00e3o de vulnerabilidade. Com esta nova cobertura e os espa\u00e7os de conviv\u00eancia, esperamos que a comunidade se sinta ainda mais atra\u00edda e acolhida, conhecendo cada vez mais os servi\u00e7os dispon\u00edveis\u201d.<\/p>\n\n\n\n<p>Moradora do Almerinda Chaves, a aposentada Maria Penha de Souza \u00e9 uma das alunas da pr\u00e1tica corporal oriental de Lian Gong com a professora Lia Cayres. O grupo de 80 pessoas est\u00e1 dividido, por conta dos cuidados com a pandemia, e um dos locais de encontro tem sido a quadra. \u201cEspa\u00e7os como esta promovem mais do que lazer. Eles permitem a melhoria na qualidade de vida\u201d.<\/p>\n\n\n\n<figure class=\"wp-block-image\"><img decoding=\"async\" src=\"https:\/\/jundiai.sp.gov.br\/noticias\/wp-content\/uploads\/sites\/32\/2021\/08\/visita_prefeito_nova_cobertura_quadra_novo_horizonte-127.jpg\" alt=\"Tr\u00eas mulheres de frente, usando m\u00e1scara, e uma mulher de costas, em espa\u00e7o aberto, fazendo movimenta\u00e7\u00e3o com os bra\u00e7os em dire\u00e7\u00e3o \u00e0 barriga\" class=\"wp-image-274756\" \/><figcaption>Maria Penha faz parte do grupo de Lian Gong que j\u00e1 est\u00e1 aproveitando o espa\u00e7o para a realiza\u00e7\u00e3o de seus encontros<\/figcaption><\/figure>\n\n\n\n<p>A visita tamb\u00e9m foi acompanhada pelo vice-prefeito, Gustavo Martinelli; pela gestora-adjunta da UGADS, Franciellem Germano; pela diretora do Departamento de Prote\u00e7\u00e3o Social B\u00e1sica (ao qual os Cras est\u00e3o vinculados) da UGADS, C\u00e1ssia Carpi do Prado; e dos vereadores Edicarlos Vieira e Romildo Antonio, que elencaram os investimentos realizados no Vetor Oeste pela Prefeitura nos \u00faltimos anos.<\/p>\n\n\n\n<p><em>(Fonte\/Imagem: Prefeitura de Jundia\u00ed)<\/em><\/p>\n","protected":false},"excerpt":{"rendered":"<p>Al\u00e9m da cobertura da quadra, o espa\u00e7o ganhou tamb\u00e9m um quiosque e uma academia ao ar livre.<\/p>\n","protected":false},"author":27,"featured_media":81185,"comment_status":"closed","ping_status":"closed","sticky":false,"template":"","format":"standard","meta":{"footnotes":""},"categories":[2828,8356,8354],"tags":[],"class_list":["post-81184","post","type-post","status-publish","format-standard","has-post-thumbnail","hentry","category-educacao","category-jundiai","category-lazer"],"_links":{"self":[{"href":"https:\/\/tvtecjundiai.com.br\/news\/wp-json\/wp\/v2\/posts\/81184","targetHints":{"allow":["GET"]}}],"collection":[{"href":"https:\/\/tvtecjundiai.com.br\/news\/wp-json\/wp\/v2\/posts"}],"about":[{"href":"https:\/\/tvtecjundiai.com.br\/news\/wp-json\/wp\/v2\/types\/post"}],"author":[{"embeddable":true,"href":"https:\/\/tvtecjundiai.com.br\/news\/wp-json\/wp\/v2\/users\/27"}],"replies":[{"embeddable":true,"href":"https:\/\/tvtecjundiai.com.br\/news\/wp-json\/wp\/v2\/comments?post=81184"}],"version-history":[{"count":1,"href":"https:\/\/tvtecjundiai.com.br\/news\/wp-json\/wp\/v2\/posts\/81184\/revisions"}],"predecessor-version":[{"id":81186,"href":"https:\/\/tvtecjundiai.com.br\/news\/wp-json\/wp\/v2\/posts\/81184\/revisions\/81186"}],"wp:featuredmedia":[{"embeddable":true,"href":"https:\/\/tvtecjundiai.com.br\/news\/wp-json\/wp\/v2\/media\/81185"}],"wp:attachment":[{"href":"https:\/\/tvtecjundiai.com.br\/news\/wp-json\/wp\/v2\/media?parent=81184"}],"wp:term":[{"taxonomy":"category","embeddable":true,"href":"https:\/\/tvtecjundiai.com.br\/news\/wp-json\/wp\/v2\/categories?post=81184"},{"taxonomy":"post_tag","embeddable":true,"href":"https:\/\/tvtecjundiai.com.br\/news\/wp-json\/wp\/v2\/tags?post=81184"}],"curies":[{"name":"wp","href":"https:\/\/api.w.org\/{rel}","templated":true}]}}