{"id":81203,"date":"2021-08-23T17:24:48","date_gmt":"2021-08-23T20:24:48","guid":{"rendered":"https:\/\/tvtecjundiai.com.br\/news\/?p=81203"},"modified":"2021-08-23T17:24:54","modified_gmt":"2021-08-23T20:24:54","slug":"ponte-torta-recebe-projecao-de-luzes-para-marcar-o-mes-da-primeira-infancia","status":"publish","type":"post","link":"https:\/\/tvtecjundiai.com.br\/news\/2021\/08\/23\/ponte-torta-recebe-projecao-de-luzes-para-marcar-o-mes-da-primeira-infancia\/","title":{"rendered":"Ponte Torta recebe proje\u00e7\u00e3o de luzes para marcar o M\u00eas da Primeira Inf\u00e2ncia"},"content":{"rendered":"\n<p>Quem passar pela Ponte Torta na noite desta ter\u00e7a-feira (24) poder\u00e1 notar, a partir das 19h, proje\u00e7\u00f5es luminosas com mensagens de apelo sobre a import\u00e2ncia das pol\u00edticas p\u00fablicas para a gestantes, beb\u00eas, crian\u00e7as e cuidadores. A a\u00e7\u00e3o urbana faz parte das comemora\u00e7\u00f5es do Agosto Dourado, celebrado pela primeira vez no Brasil como M\u00eas da Primeira Inf\u00e2ncia.<\/p>\n\n\n\n<p>A mobiliza\u00e7\u00e3o coletiva, promovida pelo Instituto Cidades Sustent\u00e1veis, re\u00fane dez Munic\u00edpios brasileiros entre os 24 que integram a Rede Urban95, iniciativa global que busca incluir a perspectiva de uma crian\u00e7a de tr\u00eas anos de idade (que, em m\u00e9dia, tem at\u00e9 95 cent\u00edmetros de altura) e de seus cuidadores no planejamento urbano, nas estrat\u00e9gias de mobilidade e nos programas e servi\u00e7os oferecidos nas cidades. Jundia\u00ed faz parte da Rede Urban95 desde dezembro do ano passado, quando tamb\u00e9m, como compromisso pela Primeira Inf\u00e2ncia, aderiu \u00e0 campanha P\u00e9 de Inf\u00e2ncia como mais uma iniciativa do programa municipal Cidade das Crian\u00e7as.<\/p>\n\n\n\n<p>O cronograma de interven\u00e7\u00f5es come\u00e7ou na noite desse domingo (22), com proje\u00e7\u00f5es sobre o Congresso Nacional, em Bras\u00edlia, Distrito Federal, e segue at\u00e9 a pr\u00f3xima ter\u00e7a-feira (31).<\/p>\n\n\n\n<p>A proposta da Rede, articulada pela Funda\u00e7\u00e3o holandesa Bernard van Leer e pelo Instituto Cidades Sustent\u00e1veis, \u00e9 dar o apoio t\u00e9cnico e consultoria para os Munic\u00edpios na elabora\u00e7\u00e3o de diagn\u00f3sticos locais sobre a experi\u00eancia e o acesso do p\u00fablico infantil e seus cuidadores aos espa\u00e7os urbanos, disponibilizando dados para embasar a constru\u00e7\u00e3o de pol\u00edticas p\u00fablicas mais assertivas para a Primeira inf\u00e2ncia e alinhadas a outras agendas estrat\u00e9gicas locais.<\/p>\n\n\n\n<figure class=\"wp-block-image\"><img decoding=\"async\" src=\"https:\/\/jundiai.sp.gov.br\/noticias\/wp-content\/uploads\/sites\/32\/2021\/08\/ponte-torta-3.jpg\" alt=\"Vista do alto de ambiente urbano, com casas e pr\u00e9dios, e ve\u00edculos de diversos formatos e tamanhos transitando em via \u00e0s margens de rio com pontes de tijolos \u00e0 vista\" class=\"wp-image-274750\" \/><figcaption>Interven\u00e7\u00e3o luminosa na Ponte Torta faz parte de a\u00e7\u00e3o coletiva em Munic\u00edpios da Rede Urban95 Brasil<\/figcaption><\/figure>\n\n\n\n<p><em>(Fonte\/Imagem: Prefeitura de Jundia\u00ed)<\/em><\/p>\n","protected":false},"excerpt":{"rendered":"<p>A a\u00e7\u00e3o faz parte das comemora\u00e7\u00f5es do Agosto Dourado, celebrado como M\u00eas da Primeira Inf\u00e2ncia.<\/p>\n","protected":false},"author":27,"featured_media":81206,"comment_status":"closed","ping_status":"closed","sticky":false,"template":"","format":"standard","meta":{"footnotes":""},"categories":[8356],"tags":[],"class_list":["post-81203","post","type-post","status-publish","format-standard","has-post-thumbnail","hentry","category-jundiai"],"_links":{"self":[{"href":"https:\/\/tvtecjundiai.com.br\/news\/wp-json\/wp\/v2\/posts\/81203","targetHints":{"allow":["GET"]}}],"collection":[{"href":"https:\/\/tvtecjundiai.com.br\/news\/wp-json\/wp\/v2\/posts"}],"about":[{"href":"https:\/\/tvtecjundiai.com.br\/news\/wp-json\/wp\/v2\/types\/post"}],"author":[{"embeddable":true,"href":"https:\/\/tvtecjundiai.com.br\/news\/wp-json\/wp\/v2\/users\/27"}],"replies":[{"embeddable":true,"href":"https:\/\/tvtecjundiai.com.br\/news\/wp-json\/wp\/v2\/comments?post=81203"}],"version-history":[{"count":1,"href":"https:\/\/tvtecjundiai.com.br\/news\/wp-json\/wp\/v2\/posts\/81203\/revisions"}],"predecessor-version":[{"id":81207,"href":"https:\/\/tvtecjundiai.com.br\/news\/wp-json\/wp\/v2\/posts\/81203\/revisions\/81207"}],"wp:featuredmedia":[{"embeddable":true,"href":"https:\/\/tvtecjundiai.com.br\/news\/wp-json\/wp\/v2\/media\/81206"}],"wp:attachment":[{"href":"https:\/\/tvtecjundiai.com.br\/news\/wp-json\/wp\/v2\/media?parent=81203"}],"wp:term":[{"taxonomy":"category","embeddable":true,"href":"https:\/\/tvtecjundiai.com.br\/news\/wp-json\/wp\/v2\/categories?post=81203"},{"taxonomy":"post_tag","embeddable":true,"href":"https:\/\/tvtecjundiai.com.br\/news\/wp-json\/wp\/v2\/tags?post=81203"}],"curies":[{"name":"wp","href":"https:\/\/api.w.org\/{rel}","templated":true}]}}