{"id":81217,"date":"2021-08-24T09:58:35","date_gmt":"2021-08-24T12:58:35","guid":{"rendered":"https:\/\/tvtecjundiai.com.br\/news\/?p=81217"},"modified":"2021-08-24T09:58:46","modified_gmt":"2021-08-24T12:58:46","slug":"brasil-tem-5865-da-populacao-vacinada-com-ao-menos-a-primeira-dose-contra-a-covid-19","status":"publish","type":"post","link":"https:\/\/tvtecjundiai.com.br\/news\/2021\/08\/24\/brasil-tem-5865-da-populacao-vacinada-com-ao-menos-a-primeira-dose-contra-a-covid-19\/","title":{"rendered":"Brasil tem 58,65% da popula\u00e7\u00e3o vacinada com ao menos a primeira dose contra a COVID-19"},"content":{"rendered":"\n<p>O n\u00famero de pessoas vacinadas com ao menos uma dose contra a COVID-19 no Brasil chegou nesta segunda-feira (23), a 124.189.677 milh\u00f5es, o equivalente a 58,65% da popula\u00e7\u00e3o total. Nas \u00faltimas 24 horas, 1,36 milh\u00e3o de pessoas receberam a primeira aplica\u00e7\u00e3o da vacina, de acordo com dados reunidos pelo cons\u00f3rcio de ve\u00edculos de imprensa junto a secretarias de 26 Estados e Distrito Federal.<\/p>\n\n\n\n<p>Entre os mais de 124 milh\u00f5es de vacinados, 55,9 milh\u00f5es est\u00e3o com a imuniza\u00e7\u00e3o completa contra o coronav\u00edrus, o que representa 26,42% da popula\u00e7\u00e3o. Nas \u00faltimas 24 horas, 844,2 mil pessoas receberam a dose de refor\u00e7o e outras 26,8 mil receberam uma vacina de aplica\u00e7\u00e3o \u00fanica.<\/p>\n\n\n\n<figure class=\"wp-block-image size-large\"><img loading=\"lazy\" decoding=\"async\" width=\"1200\" height=\"801\" src=\"https:\/\/tvtecjundiai.com.br\/news\/wp-content\/uploads\/sites\/2\/2021\/08\/vacinacao-covid-ubs-caxambu-25-108-1200x801.jpg\" alt=\"\" class=\"wp-image-80746\" srcset=\"https:\/\/tvtecjundiai.com.br\/news\/wp-content\/uploads\/sites\/2\/2021\/08\/vacinacao-covid-ubs-caxambu-25-108-1200x801.jpg 1200w, https:\/\/tvtecjundiai.com.br\/news\/wp-content\/uploads\/sites\/2\/2021\/08\/vacinacao-covid-ubs-caxambu-25-108-300x200.jpg 300w, https:\/\/tvtecjundiai.com.br\/news\/wp-content\/uploads\/sites\/2\/2021\/08\/vacinacao-covid-ubs-caxambu-25-108-768x512.jpg 768w, https:\/\/tvtecjundiai.com.br\/news\/wp-content\/uploads\/sites\/2\/2021\/08\/vacinacao-covid-ubs-caxambu-25-108.jpg 1280w\" sizes=\"auto, (max-width: 1200px) 100vw, 1200px\" \/><\/figure>\n\n\n\n<p>Somando todas as doses aplicadas, o Brasil administrou 2.230.548 milh\u00f5es de vacinas nesta segunda-feira (23).<\/p>\n\n\n\n<p>Em termos proporcionais, S\u00e3o Paulo continua como o Estado que mais vacinou at\u00e9 aqui: 71,66% dos habitantes receberam ao menos a primeira dose. O Mato Grosso do Sul continua com a maior propor\u00e7\u00e3o dos completamente imunizados, com 41,06% da popula\u00e7\u00e3o tendo recebido as duas doses ou uma vacina de aplica\u00e7\u00e3o \u00fanica.<\/p>\n\n\n\n<p><em><strong>(Fonte: Estad\u00e3o\/Imagem: Prefeitura de Jundia\u00ed)<\/strong><\/em><\/p>\n","protected":false},"excerpt":{"rendered":"<p>Percentual de brasileiros com a imuniza\u00e7\u00e3o completa \u00e9 de 26,42%.<\/p>\n","protected":false},"author":25,"featured_media":80746,"comment_status":"closed","ping_status":"closed","sticky":false,"template":"","format":"standard","meta":{"footnotes":""},"categories":[1],"tags":[],"class_list":["post-81217","post","type-post","status-publish","format-standard","has-post-thumbnail","hentry","category-noticias"],"_links":{"self":[{"href":"https:\/\/tvtecjundiai.com.br\/news\/wp-json\/wp\/v2\/posts\/81217","targetHints":{"allow":["GET"]}}],"collection":[{"href":"https:\/\/tvtecjundiai.com.br\/news\/wp-json\/wp\/v2\/posts"}],"about":[{"href":"https:\/\/tvtecjundiai.com.br\/news\/wp-json\/wp\/v2\/types\/post"}],"author":[{"embeddable":true,"href":"https:\/\/tvtecjundiai.com.br\/news\/wp-json\/wp\/v2\/users\/25"}],"replies":[{"embeddable":true,"href":"https:\/\/tvtecjundiai.com.br\/news\/wp-json\/wp\/v2\/comments?post=81217"}],"version-history":[{"count":1,"href":"https:\/\/tvtecjundiai.com.br\/news\/wp-json\/wp\/v2\/posts\/81217\/revisions"}],"predecessor-version":[{"id":81218,"href":"https:\/\/tvtecjundiai.com.br\/news\/wp-json\/wp\/v2\/posts\/81217\/revisions\/81218"}],"wp:featuredmedia":[{"embeddable":true,"href":"https:\/\/tvtecjundiai.com.br\/news\/wp-json\/wp\/v2\/media\/80746"}],"wp:attachment":[{"href":"https:\/\/tvtecjundiai.com.br\/news\/wp-json\/wp\/v2\/media?parent=81217"}],"wp:term":[{"taxonomy":"category","embeddable":true,"href":"https:\/\/tvtecjundiai.com.br\/news\/wp-json\/wp\/v2\/categories?post=81217"},{"taxonomy":"post_tag","embeddable":true,"href":"https:\/\/tvtecjundiai.com.br\/news\/wp-json\/wp\/v2\/tags?post=81217"}],"curies":[{"name":"wp","href":"https:\/\/api.w.org\/{rel}","templated":true}]}}