{"id":81219,"date":"2021-08-24T10:12:56","date_gmt":"2021-08-24T13:12:56","guid":{"rendered":"https:\/\/tvtecjundiai.com.br\/news\/?p=81219"},"modified":"2021-08-24T10:12:57","modified_gmt":"2021-08-24T13:12:57","slug":"pfizer-entrega-1-milhao-de-doses-da-vacina-contra-covid-19-ao-brasil-nesta-terca-feira-24","status":"publish","type":"post","link":"https:\/\/tvtecjundiai.com.br\/news\/2021\/08\/24\/pfizer-entrega-1-milhao-de-doses-da-vacina-contra-covid-19-ao-brasil-nesta-terca-feira-24\/","title":{"rendered":"Pfizer entrega 1 milh\u00e3o de doses da vacina contra COVID-19 ao Brasil nesta ter\u00e7a-feira (24)"},"content":{"rendered":"\n<p>A farmac\u00eautica americana Pfizer entrega ao Brasil, nesta ter\u00e7a-feira (24), mais 1 milh\u00e3o de doses da vacina contra Covid-19. A aeronave vai desembarcar no Aeroporto Internacional de Viracopos, em Campinas, \u00e0s 20h.<\/p>\n\n\n\n<p>A remessa \u00e9 a primeira das cinco com 1 milh\u00e3o de imunizantes cada uma, que ser\u00e3o entregues em quatro dias, totalizando 5,3 milh\u00f5es at\u00e9 domingo (29).<\/p>\n\n\n\n<div class=\"wp-block-image\"><figure class=\"aligncenter size-large is-resized\"><img loading=\"lazy\" decoding=\"async\" src=\"https:\/\/tvtecjundiai.com.br\/news\/wp-content\/uploads\/sites\/2\/2021\/07\/vacina.jpeg\" alt=\"\" class=\"wp-image-79588\" width=\"462\" height=\"308\" srcset=\"https:\/\/tvtecjundiai.com.br\/news\/wp-content\/uploads\/sites\/2\/2021\/07\/vacina.jpeg 984w, https:\/\/tvtecjundiai.com.br\/news\/wp-content\/uploads\/sites\/2\/2021\/07\/vacina-300x200.jpeg 300w, https:\/\/tvtecjundiai.com.br\/news\/wp-content\/uploads\/sites\/2\/2021\/07\/vacina-768x512.jpeg 768w\" sizes=\"auto, (max-width: 462px) 100vw, 462px\" \/><\/figure><\/div>\n\n\n\n<p>Antes de iniciar o novo cronograma, a Pfizer entregou a \u00faltima remessa que faltava para cumprir a meta de entrega de 17 milh\u00f5es de doses at\u00e9 o \u00faltimo domingo (22). Com os novos envios em quatro dias nesta semana, o Brasil ter\u00e1 recebido 53 milh\u00f5es de vacinas da farmac\u00eautica.<\/p>\n\n\n\n<p>At\u00e9 agora, a empresa j\u00e1 enviou 52 lotes ao Brasil. No total, o Minist\u00e9rio da Sa\u00fade j\u00e1 recebeu 47,9 milh\u00f5es de 200 milh\u00f5es de imunizantes da vacina Pfizer\/Biontech contratados pelo governo federal. A farmac\u00eautica diz que vai cumprir o cronograma de entrega total at\u00e9 o final de 2021.<\/p>\n\n\n\n<p><strong><em>(Fonte\/Imagem: G1)<\/em><\/strong><\/p>\n","protected":false},"excerpt":{"rendered":"<p>Remessa \u00e9 a primeira das cinco com 1 milh\u00e3o de imunizantes cada uma, que ser\u00e3o entregues at\u00e9 domingo (29).<\/p>\n","protected":false},"author":25,"featured_media":79588,"comment_status":"closed","ping_status":"closed","sticky":false,"template":"","format":"standard","meta":{"footnotes":""},"categories":[1],"tags":[],"class_list":["post-81219","post","type-post","status-publish","format-standard","has-post-thumbnail","hentry","category-noticias"],"_links":{"self":[{"href":"https:\/\/tvtecjundiai.com.br\/news\/wp-json\/wp\/v2\/posts\/81219","targetHints":{"allow":["GET"]}}],"collection":[{"href":"https:\/\/tvtecjundiai.com.br\/news\/wp-json\/wp\/v2\/posts"}],"about":[{"href":"https:\/\/tvtecjundiai.com.br\/news\/wp-json\/wp\/v2\/types\/post"}],"author":[{"embeddable":true,"href":"https:\/\/tvtecjundiai.com.br\/news\/wp-json\/wp\/v2\/users\/25"}],"replies":[{"embeddable":true,"href":"https:\/\/tvtecjundiai.com.br\/news\/wp-json\/wp\/v2\/comments?post=81219"}],"version-history":[{"count":1,"href":"https:\/\/tvtecjundiai.com.br\/news\/wp-json\/wp\/v2\/posts\/81219\/revisions"}],"predecessor-version":[{"id":81220,"href":"https:\/\/tvtecjundiai.com.br\/news\/wp-json\/wp\/v2\/posts\/81219\/revisions\/81220"}],"wp:featuredmedia":[{"embeddable":true,"href":"https:\/\/tvtecjundiai.com.br\/news\/wp-json\/wp\/v2\/media\/79588"}],"wp:attachment":[{"href":"https:\/\/tvtecjundiai.com.br\/news\/wp-json\/wp\/v2\/media?parent=81219"}],"wp:term":[{"taxonomy":"category","embeddable":true,"href":"https:\/\/tvtecjundiai.com.br\/news\/wp-json\/wp\/v2\/categories?post=81219"},{"taxonomy":"post_tag","embeddable":true,"href":"https:\/\/tvtecjundiai.com.br\/news\/wp-json\/wp\/v2\/tags?post=81219"}],"curies":[{"name":"wp","href":"https:\/\/api.w.org\/{rel}","templated":true}]}}