{"id":81221,"date":"2021-08-24T10:17:32","date_gmt":"2021-08-24T13:17:32","guid":{"rendered":"https:\/\/tvtecjundiai.com.br\/news\/?p=81221"},"modified":"2021-08-24T10:17:56","modified_gmt":"2021-08-24T13:17:56","slug":"homem-que-fez-campanha-para-tratamento-de-cancer-deixa-carta-para-familia-antes-de-morrer-de-covid-19-em-jundiai","status":"publish","type":"post","link":"https:\/\/tvtecjundiai.com.br\/news\/2021\/08\/24\/homem-que-fez-campanha-para-tratamento-de-cancer-deixa-carta-para-familia-antes-de-morrer-de-covid-19-em-jundiai\/","title":{"rendered":"Homem que fez campanha para tratamento de c\u00e2ncer deixa carta para fam\u00edlia antes de morrer de COVID-19 em Jundia\u00ed"},"content":{"rendered":"\n<p>Nos \u00faltimos momentos de vida, Raphael Melo Voltan deixou registrado o amor que sentia pela fam\u00edlia em uma carta feita \u00e0 m\u00e3o. &#8220;Lutei at\u00e9 onde pude&#8221;, escreveu ele ao fim de uma batalha de quase um ano contra um c\u00e2ncer e, mais recentemente, com a COVID-19.<\/p>\n\n\n\n<p>Raphael morreu de COVID-19 aos 31 anos no domingo (22), em Jundia\u00ed (SP). Ele descobriu o c\u00e2ncer linfoma n\u00e3o-Hodgkin em abril de 2020 \u2014 na \u00e9poca, a namorada estava gr\u00e1vida. Neste ano, precisou fazer uma campanha para conseguir comprar um medicamento de R$ 360 mil.<\/p>\n\n\n\n<p>Em entrevista ao G1, a namorada dele, Estela Mastellari, de 35 anos, contou que Raphael apresentou uma piora no estado de sa\u00fade e foi internado no dia 29 de julho, com dificuldades para respirar. Ele recebeu alta no Dia dos Pais, mas testou positivo para a COVID-19 na mesma semana.<\/p>\n\n\n\n<div class=\"wp-block-image\"><figure class=\"aligncenter size-large\"><img loading=\"lazy\" decoding=\"async\" width=\"1008\" height=\"567\" src=\"https:\/\/tvtecjundiai.com.br\/news\/wp-content\/uploads\/sites\/2\/2021\/08\/homem-que-descobriu-cancer-durante-gestacao-da-mulher-e-fez-campanha-para-tratamento-deixa-carta-para-familia-antes-de-morrer-de-covid.jpeg\" alt=\"\" class=\"wp-image-81222\" srcset=\"https:\/\/tvtecjundiai.com.br\/news\/wp-content\/uploads\/sites\/2\/2021\/08\/homem-que-descobriu-cancer-durante-gestacao-da-mulher-e-fez-campanha-para-tratamento-deixa-carta-para-familia-antes-de-morrer-de-covid.jpeg 1008w, https:\/\/tvtecjundiai.com.br\/news\/wp-content\/uploads\/sites\/2\/2021\/08\/homem-que-descobriu-cancer-durante-gestacao-da-mulher-e-fez-campanha-para-tratamento-deixa-carta-para-familia-antes-de-morrer-de-covid-300x169.jpeg 300w, https:\/\/tvtecjundiai.com.br\/news\/wp-content\/uploads\/sites\/2\/2021\/08\/homem-que-descobriu-cancer-durante-gestacao-da-mulher-e-fez-campanha-para-tratamento-deixa-carta-para-familia-antes-de-morrer-de-covid-768x432.jpeg 768w\" sizes=\"auto, (max-width: 1008px) 100vw, 1008px\" \/><\/figure><\/div>\n\n\n\n<p>O jovem morava em Campo Limpo Paulista e precisou ser levado ao hospital municipal no dia 11 de agosto ap\u00f3s apresentar febre e falta de ar. Em seguida, ele foi transferido para o Hospital S\u00e3o Vicente, mas n\u00e3o resistiu \u00e0 doen\u00e7a e morreu no domingo.<\/p>\n\n\n\n<p><strong>Descoberta da carta<br><\/strong>No dia da morte de Raphael, a fam\u00edlia soube da carta que ele havia escrito no per\u00edodo em que ficou isolado com a doen\u00e7a no hospital. A mensagem veio como um pequeno conforto diante da dor e da impossibilidade de se despedir por causa da pandemia.<\/p>\n\n\n\n<p>&#8220;Amo voc\u00eas. Lutei at\u00e9 onde pude. Cuide do Rhavi, eu amo muito ele, todos voc\u00eas, fiquem com Deus&#8221;, escreveu Raphael em ouro trecho da carta.<br>A carta ficou com a m\u00e3e do jovem, Dilma, que permaneceu ao lado de Raphael durante os dias e noites em que ele ficou internado, enquanto Estela cuidava de Rhavi.<\/p>\n\n\n\n<p>&#8220;Ele n\u00e3o podia ser intubado, com os tumores no peito n\u00e3o seria poss\u00edvel. Ele ficou no isolamento e, infelizmente, a COVID s\u00f3 adiantou as coisas. O pulm\u00e3o j\u00e1 estava bem debilitado. Ele queria muito viver. \u00c9 uma dor tremenda&#8221;, disse Estela.<\/p>\n\n\n\n<p>Apesar de todo o sofrimento durante o tratamento contra o c\u00e2ncer, Estela relata que o namorado buscava estar sempre junto com a fam\u00edlia e ser um pai presente para o pequeno Rhavi, de quem recebia muito amor. E Raphael conseguiu ver o filho completar seu primeiro ano de vida.<\/p>\n\n\n\n<p>&#8220;Ele fazia tudo pelo Rhavi, o amava muito. Era uma pessoa alegre, engra\u00e7ada. Podia estar fraco, mas fazia quest\u00e3o de estar junto. Amava os amigos e a fam\u00edlia. Ele foi muito grato pelo o que fizeram para ele. Gra\u00e7as \u00e0s pessoas que ajudaram, ele p\u00f4de fazer o tratamento. Os pais dele, Dilma e Rubens, sempre estiveram com ele. Ele lutou muito por n\u00f3s.&#8221;<\/p>\n\n\n\n<div class=\"wp-block-image\"><figure class=\"aligncenter size-large is-resized\"><img loading=\"lazy\" decoding=\"async\" src=\"https:\/\/tvtecjundiai.com.br\/news\/wp-content\/uploads\/sites\/2\/2021\/08\/whatsapp-image-2021-08-23-at-15.46.47-1--720x960.jpeg\" alt=\"\" class=\"wp-image-81223\" width=\"474\" height=\"632\" srcset=\"https:\/\/tvtecjundiai.com.br\/news\/wp-content\/uploads\/sites\/2\/2021\/08\/whatsapp-image-2021-08-23-at-15.46.47-1--720x960.jpeg 720w, https:\/\/tvtecjundiai.com.br\/news\/wp-content\/uploads\/sites\/2\/2021\/08\/whatsapp-image-2021-08-23-at-15.46.47-1--300x400.jpeg 300w, https:\/\/tvtecjundiai.com.br\/news\/wp-content\/uploads\/sites\/2\/2021\/08\/whatsapp-image-2021-08-23-at-15.46.47-1--768x1024.jpeg 768w, https:\/\/tvtecjundiai.com.br\/news\/wp-content\/uploads\/sites\/2\/2021\/08\/whatsapp-image-2021-08-23-at-15.46.47-1-.jpeg 984w\" sizes=\"auto, (max-width: 474px) 100vw, 474px\" \/><\/figure><\/div>\n\n\n\n<p><strong><em>(Fonte\/Imagem: G1)<\/em><\/strong><\/p>\n","protected":false},"excerpt":{"rendered":"<p>Raphael Voltan lutava contra o c\u00e2ncer linfoma n\u00e3o-Hodgkin, diagnosticado em 2020, quando a namorada estava gr\u00e1vida. <\/p>\n","protected":false},"author":25,"featured_media":81222,"comment_status":"closed","ping_status":"closed","sticky":false,"template":"","format":"standard","meta":{"footnotes":""},"categories":[1],"tags":[],"class_list":["post-81221","post","type-post","status-publish","format-standard","has-post-thumbnail","hentry","category-noticias"],"_links":{"self":[{"href":"https:\/\/tvtecjundiai.com.br\/news\/wp-json\/wp\/v2\/posts\/81221","targetHints":{"allow":["GET"]}}],"collection":[{"href":"https:\/\/tvtecjundiai.com.br\/news\/wp-json\/wp\/v2\/posts"}],"about":[{"href":"https:\/\/tvtecjundiai.com.br\/news\/wp-json\/wp\/v2\/types\/post"}],"author":[{"embeddable":true,"href":"https:\/\/tvtecjundiai.com.br\/news\/wp-json\/wp\/v2\/users\/25"}],"replies":[{"embeddable":true,"href":"https:\/\/tvtecjundiai.com.br\/news\/wp-json\/wp\/v2\/comments?post=81221"}],"version-history":[{"count":2,"href":"https:\/\/tvtecjundiai.com.br\/news\/wp-json\/wp\/v2\/posts\/81221\/revisions"}],"predecessor-version":[{"id":81225,"href":"https:\/\/tvtecjundiai.com.br\/news\/wp-json\/wp\/v2\/posts\/81221\/revisions\/81225"}],"wp:featuredmedia":[{"embeddable":true,"href":"https:\/\/tvtecjundiai.com.br\/news\/wp-json\/wp\/v2\/media\/81222"}],"wp:attachment":[{"href":"https:\/\/tvtecjundiai.com.br\/news\/wp-json\/wp\/v2\/media?parent=81221"}],"wp:term":[{"taxonomy":"category","embeddable":true,"href":"https:\/\/tvtecjundiai.com.br\/news\/wp-json\/wp\/v2\/categories?post=81221"},{"taxonomy":"post_tag","embeddable":true,"href":"https:\/\/tvtecjundiai.com.br\/news\/wp-json\/wp\/v2\/tags?post=81221"}],"curies":[{"name":"wp","href":"https:\/\/api.w.org\/{rel}","templated":true}]}}