{"id":81226,"date":"2021-08-24T10:31:14","date_gmt":"2021-08-24T13:31:14","guid":{"rendered":"https:\/\/tvtecjundiai.com.br\/news\/?p=81226"},"modified":"2021-08-24T11:19:48","modified_gmt":"2021-08-24T14:19:48","slug":"olimpiada-de-redacao-alunos-da-participam-de-atividades-para-incentivar-inscricoes","status":"publish","type":"post","link":"https:\/\/tvtecjundiai.com.br\/news\/2021\/08\/24\/olimpiada-de-redacao-alunos-da-participam-de-atividades-para-incentivar-inscricoes\/","title":{"rendered":"Olimp\u00edada de Reda\u00e7\u00e3o: alunos participam de atividades para incentivar inscri\u00e7\u00f5es"},"content":{"rendered":"\n<p>Com o objetivo de explicar as caracter\u00edsticas do g\u00eanero conto de aventura e incentivar a participa\u00e7\u00e3o dos alunos na Olimp\u00edada de Reda\u00e7\u00e3o, a professora Luana Valverde Bocchino, da EMEB Professor Fl\u00e1vio D\u2019Angieri, tem trabalhado o tema durante as aulas com os alunos do 4\u00ba ano B. A 16\u00aa Olimp\u00edada de Reda\u00e7\u00e3o est\u00e1 com as inscri\u00e7\u00f5es abertas at\u00e9 as 23h59 de 17 de setembro de 2021 via internet, na&nbsp;<a href=\"https:\/\/web.cijun.sp.gov.br\/PMJ\/OL\/Inscrired.aspx?cdevento=55\">p\u00e1gina da Prefeitura de Jundia\u00ed<\/a>&nbsp;e da&nbsp;<a href=\"https:\/\/biblioteca.jundiai.sp.gov.br\/olimpiada-de-redacao-2\/\">Biblioteca Prof. Nelson Foo<\/a>t. Podem se inscrever residentes ou n\u00e3o no munic\u00edpio de Jundia\u00ed, desde que residam em territ\u00f3rio nacional.<\/p>\n\n\n\n<p>Conto de aventura \u00e9 o g\u00eanero correspondente \u00e0 categoria mirim, da qual os estudantes dos 4\u00ba anos est\u00e3o inseridos, a professora Luana conta como est\u00e1 o processo de trabalho. \u201cCome\u00e7amos lendo o regulamento da Olimp\u00edada de Reda\u00e7\u00e3o, para que eles pudessem conhecer os detalhes. Depois passamos para as caracter\u00edsticas do g\u00eanero em si e produ\u00e7\u00e3o de ficha de personagem, al\u00e9m de dicas como a necessidade de criar hist\u00f3ria e personagens autorais\u201d, explica Luana.<\/p>\n\n\n\n<figure class=\"wp-block-image\"><img decoding=\"async\" src=\"https:\/\/jundiai.sp.gov.br\/noticias\/wp-content\/uploads\/sites\/32\/2021\/08\/emeb-flavio_olimpiada-de-redacao-19.jpg\" alt=\"mulher (professora) est\u00e1 em frente ao quadro branco onde h\u00e1 v\u00e1rias anota\u00e7\u00f5es em azul\" class=\"wp-image-274763\" \/><figcaption>Professora Luana trabalha o g\u00eanero Conto de Aventura com os alunos da categoria Mirim<\/figcaption><\/figure>\n\n\n\n<p>Ao serem questionados sobre o que precisa ter em um conto de aventura, os alunos responderam \u201co personagem precisa ter um ponto fraco, um rival, um conflito, suspense, lutas \u00e9picas e a resolu\u00e7\u00e3o\u201d, comentaram.&nbsp;<\/p>\n\n\n\n<p>Com a ficha de personagem pronta, a estudante Amanda Ferreira Barros, 9 anos, tamb\u00e9m j\u00e1 tem ideia da hist\u00f3ria que vai escrever. \u201cEu j\u00e1 fiz um texto, tenho a hist\u00f3ria e a personagem. As aulas ajudaram a entender as caracter\u00edsticas do g\u00eanero conto de aventura\u201d, comentou.<\/p>\n\n\n\n<p>Lana Marcondes, 9 anos, gostou da metodologia da professora Luana. \u201cFicamos ansiosos para fazer e a professora nos explicou em algumas aulas sobre o conto de aventura. Acho bacana a criatividade para fazer os textos\u201d, explicou a aluna que vai participar pela primeira vez da Olimp\u00edada de Reda\u00e7\u00e3o e ainda convida as pessoas a se inscreverem. \u201cParticipem voc\u00eas tamb\u00e9m!\u201d.&nbsp;<\/p>\n\n\n\n<figure class=\"wp-block-image\"><img decoding=\"async\" src=\"https:\/\/jundiai.sp.gov.br\/noticias\/wp-content\/uploads\/sites\/32\/2021\/08\/emeb-flavio_olimpiada-de-redacao-8.jpg\" alt=\"Garota morena, com os cabelos divididos ao meio, est\u00e1 de m\u00e1scara branca, olhando atenciosamente para frente\" class=\"wp-image-274764\" \/><figcaption>Lana est\u00e1 ansiosa para participar da Olimp\u00edada de Reda\u00e7\u00e3o<\/figcaption><\/figure>\n\n\n\n<p>A 16\u00aa Olimp\u00edada de Reda\u00e7\u00e3o est\u00e1 com as inscri\u00e7\u00f5es abertas at\u00e9 as 23h59 de 17 de setembro de 2021 via internet, na&nbsp;<a href=\"https:\/\/web.cijun.sp.gov.br\/PMJ\/OL\/Inscrired.aspx?cdevento=55\">p\u00e1gina da Prefeitura de Jundia\u00ed<\/a>&nbsp;e da&nbsp;<a href=\"https:\/\/biblioteca.jundiai.sp.gov.br\/olimpiada-de-redacao-2\/\">Biblioteca Prof. Nelson Foo<\/a>t. Podem se inscrever residentes ou n\u00e3o no munic\u00edpio de Jundia\u00ed, desde que residam em territ\u00f3rio nacional.<\/p>\n\n\n\n<p>O tema desta edi\u00e7\u00e3o \u00e9 inspirado na frase de Cora Coralina \u201cTenha sempre um livro ao alcance de seu tempo\u201d. S\u00e3o cinco categorias: Pr\u00e9-mirim (1\u00ba ao 3\u00ba ano do Ensino Fundamental I); Mirim (4\u00ba ao 5\u00ba ano \u2013 Ensino Fundamental I e 6\u00ba ano do Ensino Fundamental II), Infantil (7\u00ba ao 9\u00ba ano do Ensino Fundamental II), Juvenil (1\u00ba ao 3\u00ba ano -Ensino M\u00e9dio \u2013 regular ou t\u00e9cnico) e Adulto (Acima de 18 anos \u2013 desde que n\u00e3o estejam matriculados no Ensino M\u00e9dio Regular ou T\u00e9cnico ou menores de 18 anos que j\u00e1 tenham conclu\u00eddo o Ensino M\u00e9dio).<\/p>\n\n\n\n<p>A premia\u00e7\u00e3o varia de R$ 2,5 mil at\u00e9 R$ 1,3 mil, do primeiro ao quinto colocado de cada categoria.<\/p>\n\n\n\n<p><em>(Fonte\/Imagem: Prefeitura de Jundia\u00ed)<\/em><\/p>\n","protected":false},"excerpt":{"rendered":"<p>A 16\u00aa Olimp\u00edada de Reda\u00e7\u00e3o est\u00e1 com as inscri\u00e7\u00f5es abertas at\u00e9 as 23h59 de 17 de setembro de 2021.<\/p>\n","protected":false},"author":27,"featured_media":81227,"comment_status":"closed","ping_status":"closed","sticky":false,"template":"","format":"standard","meta":{"footnotes":""},"categories":[2828,8356],"tags":[],"class_list":["post-81226","post","type-post","status-publish","format-standard","has-post-thumbnail","hentry","category-educacao","category-jundiai"],"_links":{"self":[{"href":"https:\/\/tvtecjundiai.com.br\/news\/wp-json\/wp\/v2\/posts\/81226","targetHints":{"allow":["GET"]}}],"collection":[{"href":"https:\/\/tvtecjundiai.com.br\/news\/wp-json\/wp\/v2\/posts"}],"about":[{"href":"https:\/\/tvtecjundiai.com.br\/news\/wp-json\/wp\/v2\/types\/post"}],"author":[{"embeddable":true,"href":"https:\/\/tvtecjundiai.com.br\/news\/wp-json\/wp\/v2\/users\/27"}],"replies":[{"embeddable":true,"href":"https:\/\/tvtecjundiai.com.br\/news\/wp-json\/wp\/v2\/comments?post=81226"}],"version-history":[{"count":2,"href":"https:\/\/tvtecjundiai.com.br\/news\/wp-json\/wp\/v2\/posts\/81226\/revisions"}],"predecessor-version":[{"id":81235,"href":"https:\/\/tvtecjundiai.com.br\/news\/wp-json\/wp\/v2\/posts\/81226\/revisions\/81235"}],"wp:featuredmedia":[{"embeddable":true,"href":"https:\/\/tvtecjundiai.com.br\/news\/wp-json\/wp\/v2\/media\/81227"}],"wp:attachment":[{"href":"https:\/\/tvtecjundiai.com.br\/news\/wp-json\/wp\/v2\/media?parent=81226"}],"wp:term":[{"taxonomy":"category","embeddable":true,"href":"https:\/\/tvtecjundiai.com.br\/news\/wp-json\/wp\/v2\/categories?post=81226"},{"taxonomy":"post_tag","embeddable":true,"href":"https:\/\/tvtecjundiai.com.br\/news\/wp-json\/wp\/v2\/tags?post=81226"}],"curies":[{"name":"wp","href":"https:\/\/api.w.org\/{rel}","templated":true}]}}