{"id":81229,"date":"2021-08-24T11:03:40","date_gmt":"2021-08-24T14:03:40","guid":{"rendered":"https:\/\/tvtecjundiai.com.br\/news\/?p=81229"},"modified":"2021-08-24T11:03:41","modified_gmt":"2021-08-24T14:03:41","slug":"espanha-reabre-para-brasileiros-vacinados-e-coronavac-esta-na-lista-de-imunizantes-aceitos","status":"publish","type":"post","link":"https:\/\/tvtecjundiai.com.br\/news\/2021\/08\/24\/espanha-reabre-para-brasileiros-vacinados-e-coronavac-esta-na-lista-de-imunizantes-aceitos\/","title":{"rendered":"Espanha reabre para brasileiros vacinados e  Coronavac est\u00e1 na lista de imunizantes aceitos"},"content":{"rendered":"\n<p>Agora \u00e9 a Espanha que reabre para brasileiros vacinados totalmente, engrossando a lista de pa\u00edses abertos sem exig\u00eancia de quarentena para quem apresenta a imuniza\u00e7\u00e3o completa, com duas doses ou a dose \u00fanica. A nova regra entra em vigor amanh\u00e3, 24 de agosto. No in\u00edcio do m\u00eas, o pa\u00eds da Europa havia anunciado a autoriza\u00e7\u00e3o para viagem de estudantes de longa dura\u00e7\u00e3o.<\/p>\n\n\n\n<p>Desde o fim de junho, Alemanha, Fran\u00e7a, Su\u00ed\u00e7a e Canad\u00e1 j\u00e1 aprovaram a entrada de viajantes 100% vacinados. No caso da Espanha, assim como na Su\u00ed\u00e7a, valem todas as vacinas aplicadas no Brasil. Isso porque o governo espanhol aceita todos os imunizantes aprovados pela Uni\u00e3o Europeia ou pela Organiza\u00e7\u00e3o Mundial da Sa\u00fade (OMS), o que inclui a Coronavac.<\/p>\n\n\n\n<div class=\"wp-block-image\"><figure class=\"aligncenter size-large\"><img loading=\"lazy\" decoding=\"async\" width=\"768\" height=\"512\" src=\"https:\/\/tvtecjundiai.com.br\/news\/wp-content\/uploads\/sites\/2\/2021\/08\/espanha.jpg\" alt=\"\" class=\"wp-image-81230\" srcset=\"https:\/\/tvtecjundiai.com.br\/news\/wp-content\/uploads\/sites\/2\/2021\/08\/espanha.jpg 768w, https:\/\/tvtecjundiai.com.br\/news\/wp-content\/uploads\/sites\/2\/2021\/08\/espanha-300x200.jpg 300w\" sizes=\"auto, (max-width: 768px) 100vw, 768px\" \/><\/figure><\/div>\n\n\n\n<p>Na Alemanha, que anunciou ontem a reabertura para viajantes vacinados, os imunizantes t\u00eam de ser aceitos pelo Paul-Ehrlich-Instituts (PEI). Mas o instituto respons\u00e1vel pela aprova\u00e7\u00e3o de vacinas e medicamentos na Alemanha n\u00e3o emitiu parecer ainda sobre a vacina da chinesa Sinovac. A Fran\u00e7a aguarda a aprova\u00e7\u00e3o do imunizante pela Ag\u00eancia Europeia de Medicamentos (European Medicines Agency \u2013 EMA), ag\u00eancia reguladora da Europa, que j\u00e1 aceita Pfizer, Moderna, AstraZeneca e Janssen. O \u00f3rg\u00e3o come\u00e7ou em maio a analisar o imunizante da Sinovac, mas n\u00e3o divulgou seu parecer at\u00e9 o momento.<\/p>\n\n\n\n<p><strong>Espanha sem quarentena ou exame PCR<br><\/strong>Os viajantes do Brasil autorizados a fazer turismo na Espanha n\u00e3o precisam cumprir quarentena tampouco apresentar exame PCR negativo. Para a viagem, \u00e9 preciso esperar 14 dias ap\u00f3s a imuniza\u00e7\u00e3o completa e preencher um formul\u00e1rio de controle sanit\u00e1rio (o sistema gera um QR code que deve ser mostrado no embarque e na chegada ao pa\u00eds europeu). O turista tamb\u00e9m tem de apresentar o comprovante de vacina\u00e7\u00e3o em espanhol \u2013 veja como emitir o comprovante de vacina\u00e7\u00e3o para viagens internacionais.<\/p>\n\n\n\n<p>No aeroporto de chegada \u00e0 Espanha, a temperatura do viajante ser\u00e1 medida, e a documenta\u00e7\u00e3o, conferida. As autoridades sanit\u00e1rias do pa\u00eds tamb\u00e9m podem decidir fazer um teste de ant\u00edgeno.<\/p>\n\n\n\n<p><strong><em>(Fonte: Estad\u00e3o\/Imagem: InfoMoney)<\/em><\/strong><\/p>\n","protected":false},"excerpt":{"rendered":"<p>Para entrar no pa\u00eds, \u00e9 necess\u00e1rio apresentar certificado de vacina\u00e7\u00e3o com m\u00ednimo de 14 dias da \u00faltima dose.<\/p>\n","protected":false},"author":25,"featured_media":81230,"comment_status":"closed","ping_status":"closed","sticky":false,"template":"","format":"standard","meta":{"footnotes":""},"categories":[1],"tags":[],"class_list":["post-81229","post","type-post","status-publish","format-standard","has-post-thumbnail","hentry","category-noticias"],"_links":{"self":[{"href":"https:\/\/tvtecjundiai.com.br\/news\/wp-json\/wp\/v2\/posts\/81229","targetHints":{"allow":["GET"]}}],"collection":[{"href":"https:\/\/tvtecjundiai.com.br\/news\/wp-json\/wp\/v2\/posts"}],"about":[{"href":"https:\/\/tvtecjundiai.com.br\/news\/wp-json\/wp\/v2\/types\/post"}],"author":[{"embeddable":true,"href":"https:\/\/tvtecjundiai.com.br\/news\/wp-json\/wp\/v2\/users\/25"}],"replies":[{"embeddable":true,"href":"https:\/\/tvtecjundiai.com.br\/news\/wp-json\/wp\/v2\/comments?post=81229"}],"version-history":[{"count":1,"href":"https:\/\/tvtecjundiai.com.br\/news\/wp-json\/wp\/v2\/posts\/81229\/revisions"}],"predecessor-version":[{"id":81231,"href":"https:\/\/tvtecjundiai.com.br\/news\/wp-json\/wp\/v2\/posts\/81229\/revisions\/81231"}],"wp:featuredmedia":[{"embeddable":true,"href":"https:\/\/tvtecjundiai.com.br\/news\/wp-json\/wp\/v2\/media\/81230"}],"wp:attachment":[{"href":"https:\/\/tvtecjundiai.com.br\/news\/wp-json\/wp\/v2\/media?parent=81229"}],"wp:term":[{"taxonomy":"category","embeddable":true,"href":"https:\/\/tvtecjundiai.com.br\/news\/wp-json\/wp\/v2\/categories?post=81229"},{"taxonomy":"post_tag","embeddable":true,"href":"https:\/\/tvtecjundiai.com.br\/news\/wp-json\/wp\/v2\/tags?post=81229"}],"curies":[{"name":"wp","href":"https:\/\/api.w.org\/{rel}","templated":true}]}}