{"id":81232,"date":"2021-08-24T11:14:55","date_gmt":"2021-08-24T14:14:55","guid":{"rendered":"https:\/\/tvtecjundiai.com.br\/news\/?p=81232"},"modified":"2021-08-24T11:18:22","modified_gmt":"2021-08-24T14:18:22","slug":"governadores-criam-consorcio-brasil-verde-para-defesa-do-meio-ambiente-1","status":"publish","type":"post","link":"https:\/\/tvtecjundiai.com.br\/news\/2021\/08\/24\/governadores-criam-consorcio-brasil-verde-para-defesa-do-meio-ambiente-1\/","title":{"rendered":"Governadores criam cons\u00f3rcio &#8216;Brasil Verde&#8217; para defesa do meio ambiente"},"content":{"rendered":"\n<p>Governadores de 25 Estados decidiram criar uma esp\u00e9cie de cons\u00f3rcio com a\u00e7\u00f5es em defesa do meio ambiente que sejam tocadas por cada ente federativo, de maneira coordenada com os demais. Em reuni\u00e3o realizada nesta segunda-feira (23), o governador do Esp\u00edrito Santo, Renato Casagrande (PSB), prop\u00f4s a ideia, at\u00e9 como contraponto \u00e0 gest\u00e3o do governo federal para o setor. A ideia foi aceita pelo F\u00f3rum dos Governadores e Jo\u00e3o Doria (PSDB) prop\u00f4s que o cons\u00f3rcio seja batizado de &#8220;Brasil Verde&#8221; ou &#8220;Green Brazil&#8221;.<\/p>\n\n\n\n<div class=\"wp-block-image\"><figure class=\"aligncenter size-large is-resized\"><img loading=\"lazy\" decoding=\"async\" src=\"https:\/\/tvtecjundiai.com.br\/news\/wp-content\/uploads\/sites\/2\/2021\/08\/WhatsApp-Image-2021-08-24-at-11.08.18-720x960.jpeg\" alt=\"\" class=\"wp-image-81233\" width=\"508\" height=\"677\" \/><\/figure><\/div>\n\n\n\n<p>&#8220;Quando eu sugeri o Brasil Verde ou Green Brazil foi exatamente para termos uma marca forte que diferencie os governadores da pol\u00edtica ambiental do Pa\u00eds, que \u00e9 um desastre. N\u00e3o precisamos nem discorrer sobre isso. E cria um \u2018brand\u2019, cria uma marca forte para os entendimentos com as institui\u00e7\u00f5es internacionais que ver\u00e3o nisso um gesto muito positivo dos governadores na defesa do pacto federativo e na defesa ambiental&#8221;, avaliou Doria.<\/p>\n\n\n\n<p>Renato Casagrande afirmou que a discuss\u00e3o das quest\u00f5es clim\u00e1ticas tende a ganhar cada vez mais espa\u00e7o na pauta dos Estados. &#8220;O Brasil tem um potencial muito grande e n\u00f3s temos uma capacidade grande de fazer uma articula\u00e7\u00e3o para captar recursos para os nossos projetos. Queremos fazer uma imagem diferenciada. Hoje a imagem do Brasil \u00e9 muito ruim&#8221;, disse.<\/p>\n\n\n\n<p>O tema fez parte da pauta do encontro do F\u00f3rum dos Governadores, realizado em Bras\u00edlia, com a maioria dos presentes participando de forma virtual.<\/p>\n\n\n\n<p><strong><em>(Fonte: Estad\u00e3o\/Imagem: Bruna Panzan)<\/em><\/strong><\/p>\n","protected":false},"excerpt":{"rendered":"<p>Ideia proposta nesta segunda-feira (23) pelo governador Renato Casagrande foi aprovada pelo F\u00f3rum dos Governadores.<\/p>\n","protected":false},"author":25,"featured_media":81233,"comment_status":"closed","ping_status":"closed","sticky":false,"template":"","format":"standard","meta":{"footnotes":""},"categories":[1],"tags":[],"class_list":["post-81232","post","type-post","status-publish","format-standard","has-post-thumbnail","hentry","category-noticias"],"_links":{"self":[{"href":"https:\/\/tvtecjundiai.com.br\/news\/wp-json\/wp\/v2\/posts\/81232","targetHints":{"allow":["GET"]}}],"collection":[{"href":"https:\/\/tvtecjundiai.com.br\/news\/wp-json\/wp\/v2\/posts"}],"about":[{"href":"https:\/\/tvtecjundiai.com.br\/news\/wp-json\/wp\/v2\/types\/post"}],"author":[{"embeddable":true,"href":"https:\/\/tvtecjundiai.com.br\/news\/wp-json\/wp\/v2\/users\/25"}],"replies":[{"embeddable":true,"href":"https:\/\/tvtecjundiai.com.br\/news\/wp-json\/wp\/v2\/comments?post=81232"}],"version-history":[{"count":1,"href":"https:\/\/tvtecjundiai.com.br\/news\/wp-json\/wp\/v2\/posts\/81232\/revisions"}],"predecessor-version":[{"id":81234,"href":"https:\/\/tvtecjundiai.com.br\/news\/wp-json\/wp\/v2\/posts\/81232\/revisions\/81234"}],"wp:featuredmedia":[{"embeddable":true,"href":"https:\/\/tvtecjundiai.com.br\/news\/wp-json\/wp\/v2\/media\/81233"}],"wp:attachment":[{"href":"https:\/\/tvtecjundiai.com.br\/news\/wp-json\/wp\/v2\/media?parent=81232"}],"wp:term":[{"taxonomy":"category","embeddable":true,"href":"https:\/\/tvtecjundiai.com.br\/news\/wp-json\/wp\/v2\/categories?post=81232"},{"taxonomy":"post_tag","embeddable":true,"href":"https:\/\/tvtecjundiai.com.br\/news\/wp-json\/wp\/v2\/tags?post=81232"}],"curies":[{"name":"wp","href":"https:\/\/api.w.org\/{rel}","templated":true}]}}