{"id":81236,"date":"2021-08-24T11:59:26","date_gmt":"2021-08-24T14:59:26","guid":{"rendered":"https:\/\/tvtecjundiai.com.br\/news\/?p=81236"},"modified":"2021-08-24T12:55:30","modified_gmt":"2021-08-24T15:55:30","slug":"jundiai-pode-receber-polo-da-univesp-1","status":"publish","type":"post","link":"https:\/\/tvtecjundiai.com.br\/news\/2021\/08\/24\/jundiai-pode-receber-polo-da-univesp-1\/","title":{"rendered":"Jundia\u00ed pode receber polo da Universidade Virtual do Estado de S\u00e3o Paulo (Univesp)"},"content":{"rendered":"\n<p>Em reuni\u00e3o ocorrida no Pa\u00e7o Municipal, nesta ter\u00e7a-feira (24), Jundia\u00ed foi convidada a aderir ao novo edital de chamamento para ter um polo da Univesp (Universidade Virtual do Estado de S\u00e3o Paulo) na cidade. O prefeito de Jundia\u00ed, Luiz Fernando Machado, recebeu em seu gabinete o presidente da Univesp, Rodolfo Jardim de Azevedo. A implanta\u00e7\u00e3o do polo ainda depende de an\u00e1lises sobre a viabilidade por parte da Prefeitura.&nbsp;<\/p>\n\n\n\n<figure class=\"wp-block-image\"><img decoding=\"async\" src=\"https:\/\/jundiai.sp.gov.br\/noticias\/wp-content\/uploads\/sites\/32\/2021\/08\/reuniao_gabinete_univesp-29.jpg\" alt=\"\" class=\"wp-image-274800\" \/><figcaption>Durante reuni\u00e3o, Luiz Fernando lembrou que, com a Educa\u00e7\u00e3o a Dist\u00e2ncia, a Univesp aponta para o futuro<\/figcaption><\/figure>\n\n\n\n<p>\u201cUma sociedade melhor e mais desenvolvida \u00e9 produto de investimentos em educa\u00e7\u00e3o\u201d, observou Luiz Fernando. \u201cNo caso da Univesp, o projeto aponta ao futuro, que \u00e9 a Educa\u00e7\u00e3o a Dist\u00e2ncia (EAD), por meio de ferramentas virtuais.\u201d<\/p>\n\n\n\n<p>Rodolfo lembrou que, apesar de virtual, a universidade necessita de espa\u00e7o f\u00edsico para a realiza\u00e7\u00e3o das avalia\u00e7\u00f5es dos alunos, a cada 60 dias, e que este deve ser disponibilizado pela administra\u00e7\u00e3o municipal. \u201c\u00c9 importante dizer que esse espa\u00e7o pode ser compartilhado com outra institui\u00e7\u00e3o de ensino, em pr\u00e9dio que j\u00e1 existe\u201d, observa Rodolfo.<\/p>\n\n\n\n<p>Tamb\u00e9m participou da reuni\u00e3o o gestor da Casa Civil, Gustavo Maryssael.<\/p>\n\n\n\n<p><em>(Fonte\/Imagem: Prefeitura de Jundia\u00ed)<\/em><\/p>\n","protected":false},"excerpt":{"rendered":"<p>Jundia\u00ed foi convidada a aderir ao novo edital de chamamento para ter um polo da Univesp na cidade.<\/p>\n","protected":false},"author":27,"featured_media":81237,"comment_status":"closed","ping_status":"closed","sticky":false,"template":"","format":"standard","meta":{"footnotes":""},"categories":[2828,8356],"tags":[],"class_list":["post-81236","post","type-post","status-publish","format-standard","has-post-thumbnail","hentry","category-educacao","category-jundiai"],"_links":{"self":[{"href":"https:\/\/tvtecjundiai.com.br\/news\/wp-json\/wp\/v2\/posts\/81236","targetHints":{"allow":["GET"]}}],"collection":[{"href":"https:\/\/tvtecjundiai.com.br\/news\/wp-json\/wp\/v2\/posts"}],"about":[{"href":"https:\/\/tvtecjundiai.com.br\/news\/wp-json\/wp\/v2\/types\/post"}],"author":[{"embeddable":true,"href":"https:\/\/tvtecjundiai.com.br\/news\/wp-json\/wp\/v2\/users\/27"}],"replies":[{"embeddable":true,"href":"https:\/\/tvtecjundiai.com.br\/news\/wp-json\/wp\/v2\/comments?post=81236"}],"version-history":[{"count":2,"href":"https:\/\/tvtecjundiai.com.br\/news\/wp-json\/wp\/v2\/posts\/81236\/revisions"}],"predecessor-version":[{"id":81244,"href":"https:\/\/tvtecjundiai.com.br\/news\/wp-json\/wp\/v2\/posts\/81236\/revisions\/81244"}],"wp:featuredmedia":[{"embeddable":true,"href":"https:\/\/tvtecjundiai.com.br\/news\/wp-json\/wp\/v2\/media\/81237"}],"wp:attachment":[{"href":"https:\/\/tvtecjundiai.com.br\/news\/wp-json\/wp\/v2\/media?parent=81236"}],"wp:term":[{"taxonomy":"category","embeddable":true,"href":"https:\/\/tvtecjundiai.com.br\/news\/wp-json\/wp\/v2\/categories?post=81236"},{"taxonomy":"post_tag","embeddable":true,"href":"https:\/\/tvtecjundiai.com.br\/news\/wp-json\/wp\/v2\/tags?post=81236"}],"curies":[{"name":"wp","href":"https:\/\/api.w.org\/{rel}","templated":true}]}}