{"id":81239,"date":"2021-08-24T12:50:12","date_gmt":"2021-08-24T15:50:12","guid":{"rendered":"https:\/\/tvtecjundiai.com.br\/news\/?p=81239"},"modified":"2021-08-24T12:50:41","modified_gmt":"2021-08-24T15:50:41","slug":"samu-de-jundiai-completa-16-anos-com-263-mil-atendimentos-realizados","status":"publish","type":"post","link":"https:\/\/tvtecjundiai.com.br\/news\/2021\/08\/24\/samu-de-jundiai-completa-16-anos-com-263-mil-atendimentos-realizados\/","title":{"rendered":"SAMU de Jundia\u00ed completa 16 anos com  263 mil atendimentos realizados"},"content":{"rendered":"\n<p>O Servi\u00e7o de Atendimento M\u00f3vel de Urg\u00eancia (SAMU) completa 16 anos de atividades em Jundia\u00ed nesta sexta-feira (27). Criado em 2005, o SAMU \u00e9 hoje um\u00a0dos principais respons\u00e1veis pela qualidade da assist\u00eancia em sa\u00fade prestada aos pacientes da cidade. Atendimento eficiente, perguntas certeiras, profissionais capacitados, agilidade, empatia e transporte correto resultam em milhares de vidas salvas. Ao longo de sua hist\u00f3ria, foram 263 mil atendimentos realizados.<\/p>\n\n\n\n<p>Sob a coordena\u00e7\u00e3o do m\u00e9dico Mario Jorge Kodama desde 2013, o SAMU vem conquistando seu legado de forma consistente, bem-estruturada e rotineira. \u201cConseguimos trocar todas nossas viaturas no in\u00edcio da gest\u00e3o do prefeito Luiz Fernando, possibilitando o trabalho com viaturas novas, mais seguras e com melhora na qualidade da assist\u00eancia. Tamb\u00e9m foi poss\u00edvel a informatiza\u00e7\u00e3o do Centro de Controle Operacional (CCO) e, desde o in\u00edcio, temos desenvolvido um trabalho de aproxima\u00e7\u00e3o com todos nossos parceiros, como o Corpo de Bombeiros, Defesa Civil e Pol\u00edcia Militar. Para o futuro, queremos conquistar uma nova base, com espa\u00e7o maior, mais confort\u00e1vel, que nos permitir\u00e1 desenvolver um trabalho ainda melhor\u201d, relata ele sobre os principais avan\u00e7os.<\/p>\n\n\n\n<div class=\"wp-block-image\"><figure class=\"aligncenter size-large is-resized\"><img loading=\"lazy\" decoding=\"async\" src=\"https:\/\/tvtecjundiai.com.br\/news\/wp-content\/uploads\/sites\/2\/2021\/08\/Enfermeiro-Luis-e-o-paciente-Leandro-ok-1084x960.jpg\" alt=\"\" class=\"wp-image-81240\" width=\"640\" height=\"566\" srcset=\"https:\/\/tvtecjundiai.com.br\/news\/wp-content\/uploads\/sites\/2\/2021\/08\/Enfermeiro-Luis-e-o-paciente-Leandro-ok-1084x960.jpg 1084w, https:\/\/tvtecjundiai.com.br\/news\/wp-content\/uploads\/sites\/2\/2021\/08\/Enfermeiro-Luis-e-o-paciente-Leandro-ok-300x266.jpg 300w, https:\/\/tvtecjundiai.com.br\/news\/wp-content\/uploads\/sites\/2\/2021\/08\/Enfermeiro-Luis-e-o-paciente-Leandro-ok-768x680.jpg 768w, https:\/\/tvtecjundiai.com.br\/news\/wp-content\/uploads\/sites\/2\/2021\/08\/Enfermeiro-Luis-e-o-paciente-Leandro-ok.jpg 1280w\" sizes=\"auto, (max-width: 640px) 100vw, 640px\" \/><\/figure><\/div>\n\n\n\n<p>Dr. Kodama explica que atualmente o SAMU conta com cinco Unidades de Suporte B\u00e1sico (USB) e uma Unidade de Suporte Avan\u00e7ado (USA). Essa quantidade de viaturas segue as premissas do Minist\u00e9rio da Sa\u00fade, que determina uma USB para cada 100 mil habitantes e uma USA para cada 300 mil habitantes. \u201cNosso hist\u00f3rico demonstra que 80% dos atendimentos s\u00e3o relacionados a situa\u00e7\u00f5es cl\u00ednicas, ou seja, suspeita de AVC (Acidente Vascular Cerebral), infarto, dor no peito, mal s\u00fabito e falta de ar\u201d, relata. \u201cGeralmente essas ocorr\u00eancias envolvem pessoas a partir dos 60 anos\u201d, completa.<\/p>\n\n\n\n<p>Al\u00e9m dos casos cl\u00ednicos, o SAMU tamb\u00e9m atende demandas pedi\u00e1tricas, ginecol\u00f3gicas e obst\u00e9tricas, psiqui\u00e1tricas, traumas, acidentes de tr\u00e2nsito e outros mais, que juntos somam 20% das ocorr\u00eancias. A base do SAMU fica na Av. Ant\u00f4nio Frederico Ozanan e no mesmo local funciona a base do SAEC (Servi\u00e7o de Atendimento a Pacientes Especiais e Cr\u00f4nicos). \u201cAs hist\u00f3rias do SAMU e do SAEC est\u00e3o interligadas, em casos mais cr\u00edticos, nos quais h\u00e1 necessidade de um n\u00famero maior de unidades m\u00f3veis, contamos com o apoio deles\u201d, explica.<\/p>\n\n\n\n<p>A equipe do SAMU \u00e9 formada por 30 m\u00e9dicos, 7 enfermeiros, 26 t\u00e9cnicos de enfermagem, 29 motoristas\/socorristas, 1 coordenador m\u00e9dico, 1 coordenador de enfermagem e Centro de Controle Operacional (CCO), 1 coordenador de frota, 1 coordenador administrativo, 1 assistente administrativo, 10 T\u00e9cnicos Auxiliares de Regula\u00e7\u00e3o M\u00e9dica (TARM) e 7 R\u00e1dio Operadores (RO). O atendimento \u00e0 popula\u00e7\u00e3o tem in\u00edcio a partir do momento em que \u00e9 feita a liga\u00e7\u00e3o para o 192. O primeiro contato \u00e9 com o TARM. Em seguida \u00e9 feita a regula\u00e7\u00e3o m\u00e9dica, na qual o m\u00e9dico faz algumas perguntas para definir qual o grau de urg\u00eancia da solicita\u00e7\u00e3o e definir qual a conduta, ou seja, se ir\u00e1 ser encaminhada uma ambul\u00e2ncia e qual o seu tipo (USB ou USA) ou at\u00e9 mesmo resolver a demanda por telefone por meio de acolhimento e orienta\u00e7\u00e3o. Por fim \u00e9 feito o despacho da ambul\u00e2ncia adequada por parte da equipe de r\u00e1dio operadores.<\/p>\n\n\n\n<div class=\"wp-block-image\"><figure class=\"aligncenter size-large is-resized\"><img loading=\"lazy\" decoding=\"async\" src=\"https:\/\/tvtecjundiai.com.br\/news\/wp-content\/uploads\/sites\/2\/2021\/08\/Dr.-Mario-Jorge-Kodama-Medico-coordenador-do-SAMU-01-ok-1200x827.jpg\" alt=\"\" class=\"wp-image-81241\" width=\"624\" height=\"429\" srcset=\"https:\/\/tvtecjundiai.com.br\/news\/wp-content\/uploads\/sites\/2\/2021\/08\/Dr.-Mario-Jorge-Kodama-Medico-coordenador-do-SAMU-01-ok-1200x827.jpg 1200w, https:\/\/tvtecjundiai.com.br\/news\/wp-content\/uploads\/sites\/2\/2021\/08\/Dr.-Mario-Jorge-Kodama-Medico-coordenador-do-SAMU-01-ok-300x207.jpg 300w, https:\/\/tvtecjundiai.com.br\/news\/wp-content\/uploads\/sites\/2\/2021\/08\/Dr.-Mario-Jorge-Kodama-Medico-coordenador-do-SAMU-01-ok-768x529.jpg 768w, https:\/\/tvtecjundiai.com.br\/news\/wp-content\/uploads\/sites\/2\/2021\/08\/Dr.-Mario-Jorge-Kodama-Medico-coordenador-do-SAMU-01-ok.jpg 1280w\" sizes=\"auto, (max-width: 624px) 100vw, 624px\" \/><\/figure><\/div>\n\n\n\n<p>Em onze anos de dedica\u00e7\u00e3o ao SAMU, sendo nove deles a frente da coordena\u00e7\u00e3o, Dr. Kodama revela que o momento mais desafiador vivenciado por ele foi o in\u00edcio da pandemia covid-19. \u201cJ\u00e1 estamos acostumados a lidar com a instabilidade di\u00e1ria, tudo est\u00e1 tranquilo e de repente, um acidente mobiliza toda a equipe. No entanto, com a pandemia, o SAMU teve que se reinventar. Em pouco tempo tivemos que adequar nossa frota, treinar todos os colaboradores em protocolos de atendimento e seguran\u00e7a de opera\u00e7\u00e3o, pensar na higieniza\u00e7\u00e3o das viaturas e educar a popula\u00e7\u00e3o sobre os riscos desnecess\u00e1rios de ir para o hospital. Tem sido um grande desafio, que nos tem propiciado muito aprendizado\u201d, relata.<\/p>\n\n\n\n<p>Quem j\u00e1 utilizou o servi\u00e7o, retribui com sentimento de gratid\u00e3o. \u00c9 o que diz Marlene Ap. Buda de Godoy, 67 anos, m\u00e3e de Leandro Ferreira de Godoy, 35 anos. Cinco anos atr\u00e1s, o SAMU foi acionado para socorrer Leandro durante uma crise, ele \u00e9 portador de defici\u00eancia auditiva associada a dist\u00farbios de comportamento. \u201cNaquele momento eu me senti muito mal em ver meu filho precisando ser socorrido em uma ambul\u00e2ncia e levado para o hospital\u201d, relembra emocionada. \u201cPor\u00e9m, depois disso, a nossa vida mudou. O Leandro criou um v\u00ednculo muito forte com toda a equipe do SAMU. Recebe carinho e aten\u00e7\u00e3o de todos, at\u00e9 ganhou um uniforme\u201d, conta. \u201cHoje, quando ele entra em crise, est\u00e1 agitado ou n\u00e3o quer tomar a medica\u00e7\u00e3o, basta eu ir com ele at\u00e9 o SAMU e tudo se resolve, j\u00e1 n\u00e3o precisamos mais ir ao hospital. Isso n\u00e3o tem pre\u00e7o, meu sentimento \u00e9 de imensa gratid\u00e3o. At\u00e9 o anivers\u00e1rio, Leandro faz quest\u00e3o de comemorar no SAMU\u201d, relata com um largo sorriso.<\/p>\n\n\n\n<p>No SAMU Leandro conta com a ajuda de um tutor, o enfermeiro Luis Carlos dos Santos, que trabalha na corpora\u00e7\u00e3o h\u00e1 16 anos, um dos funcion\u00e1rios mais antigos. \u201cEle (Leandro) se tornou um amigo. Sempre que ele pode, vem ao SAMU. Eu inicio minhas atividades fazendo a confer\u00eancia dos itens na viatura e ele sempre me acompanha, fica ao meu lado e eu oriento ele pra dar o ok nos itens. Isso tira um pouco o estresse dele e ele se sente bem\u201d, conta com entusiasmo.<\/p>\n\n\n\n<p>O SAMU funciona 24 horas por dia, sete dias por semana. Desde que iniciou suas atividades, nunca parou. O que representa 5.840 dias de trabalho e 140.160 horas de dedica\u00e7\u00e3o ao atendimento pr\u00e9-hospitalar m\u00f3vel de urg\u00eancia.<\/p>\n\n\n\n<p>N\u00fameros do SAMU<\/p>\n\n\n\n<p>115 Colaboradores<\/p>\n\n\n\n<p>5 Unidades de Suporte B\u00e1sico<\/p>\n\n\n\n<p>1 Unidade de Suporte Avan\u00e7ado<\/p>\n\n\n\n<p>1.600 Atendimentos mensais (m\u00e9dia)<\/p>\n\n\n\n<p>22.656 km percorridos por toda a frota ao m\u00eas (USA e USB)<\/p>\n\n\n\n<p>180 \u00e9 a m\u00e9dia de atendimentos envolvendo acidentes com motos e carros atendidos ao m\u00eas (cerca de 6 ao dia)<\/p>\n\n\n\n<p><strong><em>(Fonte\/Imagem: Assessoria HSV)<\/em><\/strong><\/p>\n","protected":false},"excerpt":{"rendered":"<p>O SAMU \u00e9 um dos principais respons\u00e1veis pela qualidade da assist\u00eancia em sa\u00fade prestada aos pacientes da cidade.<\/p>\n","protected":false},"author":25,"featured_media":81240,"comment_status":"closed","ping_status":"closed","sticky":false,"template":"","format":"standard","meta":{"footnotes":""},"categories":[1],"tags":[],"class_list":["post-81239","post","type-post","status-publish","format-standard","has-post-thumbnail","hentry","category-noticias"],"_links":{"self":[{"href":"https:\/\/tvtecjundiai.com.br\/news\/wp-json\/wp\/v2\/posts\/81239","targetHints":{"allow":["GET"]}}],"collection":[{"href":"https:\/\/tvtecjundiai.com.br\/news\/wp-json\/wp\/v2\/posts"}],"about":[{"href":"https:\/\/tvtecjundiai.com.br\/news\/wp-json\/wp\/v2\/types\/post"}],"author":[{"embeddable":true,"href":"https:\/\/tvtecjundiai.com.br\/news\/wp-json\/wp\/v2\/users\/25"}],"replies":[{"embeddable":true,"href":"https:\/\/tvtecjundiai.com.br\/news\/wp-json\/wp\/v2\/comments?post=81239"}],"version-history":[{"count":2,"href":"https:\/\/tvtecjundiai.com.br\/news\/wp-json\/wp\/v2\/posts\/81239\/revisions"}],"predecessor-version":[{"id":81243,"href":"https:\/\/tvtecjundiai.com.br\/news\/wp-json\/wp\/v2\/posts\/81239\/revisions\/81243"}],"wp:featuredmedia":[{"embeddable":true,"href":"https:\/\/tvtecjundiai.com.br\/news\/wp-json\/wp\/v2\/media\/81240"}],"wp:attachment":[{"href":"https:\/\/tvtecjundiai.com.br\/news\/wp-json\/wp\/v2\/media?parent=81239"}],"wp:term":[{"taxonomy":"category","embeddable":true,"href":"https:\/\/tvtecjundiai.com.br\/news\/wp-json\/wp\/v2\/categories?post=81239"},{"taxonomy":"post_tag","embeddable":true,"href":"https:\/\/tvtecjundiai.com.br\/news\/wp-json\/wp\/v2\/tags?post=81239"}],"curies":[{"name":"wp","href":"https:\/\/api.w.org\/{rel}","templated":true}]}}