{"id":81245,"date":"2021-08-24T14:23:41","date_gmt":"2021-08-24T17:23:41","guid":{"rendered":"https:\/\/tvtecjundiai.com.br\/news\/?p=81245"},"modified":"2021-08-24T14:23:46","modified_gmt":"2021-08-24T17:23:46","slug":"covid-19-jundiai-abre-agendamento-para-16-e-17-anos-com-comorbidades","status":"publish","type":"post","link":"https:\/\/tvtecjundiai.com.br\/news\/2021\/08\/24\/covid-19-jundiai-abre-agendamento-para-16-e-17-anos-com-comorbidades\/","title":{"rendered":"COVID-19: Jundia\u00ed abre agendamento para 16 e 17 anos com comorbidades"},"content":{"rendered":"\n<p>Nesta quarta-feira (25) a Prefeitura de Jundia\u00ed abre o agendamento para vacina\u00e7\u00e3o contra COVID-19 para adolescentes com 16 e 17 anos com comorbidades, \u00e0s 11h. O agendamento estar\u00e1 dispon\u00edvel pelos canais digitais (<a href=\"https:\/\/vacina.jundiai.sp.gov.br\/agendamento\/?rand=320622027279\">site&nbsp;<\/a>a APP Jundia\u00ed). No dia da aplica\u00e7\u00e3o, \u00e9 essencial que os adolescentes compare\u00e7am com CPF, documento com foto, comprovante de resid\u00eancia, documentos comprobat\u00f3rios da comorbidade e acompanhados por pais ou respons\u00e1veis. Caso n\u00e3o seja poss\u00edvel o comparecimento acompanhado pelos pais ou respons\u00e1veis, o adolescente deve apresentar a declara\u00e7\u00e3o dispon\u00edvel abaixo (no site da Prefeitura) assinada pelos respons\u00e1veis. O cadastro no&nbsp;<a href=\"https:\/\/vacinaja.sp.gov.br\/\">Vacina J\u00e1<\/a>&nbsp;tamb\u00e9m facilita o registro da dose e deve ser feito pela popula\u00e7\u00e3o.<\/p>\n\n\n\n<p>De acordo com a enfermeira da Vigil\u00e2ncia Epidemiol\u00f3gica (VE), Maria do Carmo Possidente, \u00e9 essencial que os jovens se atentem \u00e0 documenta\u00e7\u00e3o. \u201cOs adolescentes precisam fazer o registro dos dados no Vacina J\u00e1 e realizar o agendamento no portal da Prefeitura de Jundia\u00ed ou no APP Jundia\u00ed. Quem n\u00e3o puder comparecer acompanhado dos pais ou respons\u00e1veis, deve apresentar a declara\u00e7\u00e3o dispon\u00edvel assinada. Esse documento ser\u00e1 arquivado pela gest\u00e3o\u201d, comenta.<\/p>\n\n\n\n<figure class=\"wp-block-image\"><img decoding=\"async\" src=\"https:\/\/jundiai.sp.gov.br\/noticias\/wp-content\/uploads\/sites\/32\/2021\/08\/vacinacao-covid-19-ubs-jardim-do-lago-71.jpg\" alt=\"\" class=\"wp-image-274810\" \/><figcaption>Vacina\u00e7\u00e3o segue para o atendimento dos adolescentes com 16 e 17 anos<\/figcaption><\/figure>\n\n\n\n<p>As comorbidades s\u00e3o as mesmas aceitas para a vacina\u00e7\u00e3o dos adultos, e a consulta pode ser feita no site da Prefeitura de Jundia\u00ed, no&nbsp;<a href=\"https:\/\/jundiai.sp.gov.br\/coronavirus\/faq\/vacinacao-covid-19\/pessoas-com-quais-comorbidades-podem-ser-vacinadas-contra-a-covid-19\/\">link Perguntas Frequentes<\/a>, da p\u00e1gina Coronav\u00edrus.<\/p>\n\n\n\n<p>FA\u00c7A O DOWNLOAD DA DECLARA\u00c7\u00c3O PARA VACINA\u00c7\u00c3O SEM ACOMPANHAMENTO DOS PAIS                                  <a rel=\"noreferrer noopener\" href=\"https:\/\/jundiai.sp.gov.br\/noticias\/wp-content\/uploads\/sites\/32\/2021\/08\/termo-de-assentimento.pdf\" target=\"_blank\">termo-de-assentimentoBaixar<\/a><\/p>\n\n\n\n<p><em>(Fonte\/Imagem: Prefeitura de Jundia\u00ed)<\/em><\/p>\n","protected":false},"excerpt":{"rendered":"<p>\u00c9 essencial que os jovens se atentem \u00e0 documenta\u00e7\u00e3o necess\u00e1ria para a vacina\u00e7\u00e3o. <\/p>\n","protected":false},"author":27,"featured_media":81246,"comment_status":"closed","ping_status":"closed","sticky":false,"template":"","format":"standard","meta":{"footnotes":""},"categories":[8356,2839],"tags":[],"class_list":["post-81245","post","type-post","status-publish","format-standard","has-post-thumbnail","hentry","category-jundiai","category-saude"],"_links":{"self":[{"href":"https:\/\/tvtecjundiai.com.br\/news\/wp-json\/wp\/v2\/posts\/81245","targetHints":{"allow":["GET"]}}],"collection":[{"href":"https:\/\/tvtecjundiai.com.br\/news\/wp-json\/wp\/v2\/posts"}],"about":[{"href":"https:\/\/tvtecjundiai.com.br\/news\/wp-json\/wp\/v2\/types\/post"}],"author":[{"embeddable":true,"href":"https:\/\/tvtecjundiai.com.br\/news\/wp-json\/wp\/v2\/users\/27"}],"replies":[{"embeddable":true,"href":"https:\/\/tvtecjundiai.com.br\/news\/wp-json\/wp\/v2\/comments?post=81245"}],"version-history":[{"count":1,"href":"https:\/\/tvtecjundiai.com.br\/news\/wp-json\/wp\/v2\/posts\/81245\/revisions"}],"predecessor-version":[{"id":81247,"href":"https:\/\/tvtecjundiai.com.br\/news\/wp-json\/wp\/v2\/posts\/81245\/revisions\/81247"}],"wp:featuredmedia":[{"embeddable":true,"href":"https:\/\/tvtecjundiai.com.br\/news\/wp-json\/wp\/v2\/media\/81246"}],"wp:attachment":[{"href":"https:\/\/tvtecjundiai.com.br\/news\/wp-json\/wp\/v2\/media?parent=81245"}],"wp:term":[{"taxonomy":"category","embeddable":true,"href":"https:\/\/tvtecjundiai.com.br\/news\/wp-json\/wp\/v2\/categories?post=81245"},{"taxonomy":"post_tag","embeddable":true,"href":"https:\/\/tvtecjundiai.com.br\/news\/wp-json\/wp\/v2\/tags?post=81245"}],"curies":[{"name":"wp","href":"https:\/\/api.w.org\/{rel}","templated":true}]}}