{"id":81248,"date":"2021-08-24T15:06:05","date_gmt":"2021-08-24T18:06:05","guid":{"rendered":"https:\/\/tvtecjundiai.com.br\/news\/?p=81248"},"modified":"2021-08-24T15:06:06","modified_gmt":"2021-08-24T18:06:06","slug":"dupla-e-presa-suspeita-de-roubar-instrumentos-musicais-do-projeto-guri-em-jundiai","status":"publish","type":"post","link":"https:\/\/tvtecjundiai.com.br\/news\/2021\/08\/24\/dupla-e-presa-suspeita-de-roubar-instrumentos-musicais-do-projeto-guri-em-jundiai\/","title":{"rendered":"Dupla \u00e9 presa suspeita de roubar instrumentos musicais do Projeto Guri em Jundia\u00ed"},"content":{"rendered":"\n<p>Dois homens foram presos durante a madrugada desta ter\u00e7a-feira (24) ap\u00f3s roubarem instrumentos musicais que pertencem ao projeto Guri, em Jundia\u00ed. A pris\u00e3o aconteceu na regi\u00e3o da Ponte S\u00e3o Jo\u00e3o.<\/p>\n\n\n\n<p>Segundo a Pol\u00edcia Militar, a equipe fazia patrulhamento pela rua Carlos Gomes quando suspeitou de dois homens caminhando pela rua com duas maletas.<\/p>\n\n\n\n<p>Ap\u00f3s a abordagem, os policiais descobriram que os dois instrumentos de sopro pertencem ao projeto social, que ensina m\u00fasica de forma gratuita \u00e0s crian\u00e7as.<\/p>\n\n\n\n<div class=\"wp-block-image\"><figure class=\"aligncenter size-large is-resized\"><img loading=\"lazy\" decoding=\"async\" src=\"https:\/\/tvtecjundiai.com.br\/news\/wp-content\/uploads\/sites\/2\/2021\/08\/instrumentos-projeto-pm.jpeg\" alt=\"\" class=\"wp-image-81249\" width=\"602\" height=\"413\" srcset=\"https:\/\/tvtecjundiai.com.br\/news\/wp-content\/uploads\/sites\/2\/2021\/08\/instrumentos-projeto-pm.jpeg 984w, https:\/\/tvtecjundiai.com.br\/news\/wp-content\/uploads\/sites\/2\/2021\/08\/instrumentos-projeto-pm-300x206.jpeg 300w, https:\/\/tvtecjundiai.com.br\/news\/wp-content\/uploads\/sites\/2\/2021\/08\/instrumentos-projeto-pm-768x527.jpeg 768w\" sizes=\"auto, (max-width: 602px) 100vw, 602px\" \/><figcaption>Dupla \u00e9 presa ap\u00f3s roubar instrumentos musicais do projeto Guri em Jundia\u00ed \u2014 Foto: Pol\u00edcia Militar\/Divulga\u00e7\u00e3o<\/figcaption><\/figure><\/div>\n\n\n\n<p>O representante do projeto na cidade informou \u00e0 pol\u00edcia que outros instrumentos j\u00e1 haviam sido furtados.<\/p>\n\n\n\n<p>Os dois homens foram presos e levados ao plant\u00e3o policial de Jundia\u00ed. Os instrumentos foram devolvidos ao projeto.<\/p>\n\n\n\n<p><strong><em>(Fonte: G1\/Imagem: Pol\u00edcia Militar-Divulga\u00e7\u00e3o)<\/em><\/strong><\/p>\n","protected":false},"excerpt":{"rendered":"<p>Policiais faziam patrulhamento quando suspeitaram de dois homens caminhando pela rua com duas maletas.<\/p>\n","protected":false},"author":25,"featured_media":81249,"comment_status":"closed","ping_status":"closed","sticky":false,"template":"","format":"standard","meta":{"footnotes":""},"categories":[1],"tags":[],"class_list":["post-81248","post","type-post","status-publish","format-standard","has-post-thumbnail","hentry","category-noticias"],"_links":{"self":[{"href":"https:\/\/tvtecjundiai.com.br\/news\/wp-json\/wp\/v2\/posts\/81248","targetHints":{"allow":["GET"]}}],"collection":[{"href":"https:\/\/tvtecjundiai.com.br\/news\/wp-json\/wp\/v2\/posts"}],"about":[{"href":"https:\/\/tvtecjundiai.com.br\/news\/wp-json\/wp\/v2\/types\/post"}],"author":[{"embeddable":true,"href":"https:\/\/tvtecjundiai.com.br\/news\/wp-json\/wp\/v2\/users\/25"}],"replies":[{"embeddable":true,"href":"https:\/\/tvtecjundiai.com.br\/news\/wp-json\/wp\/v2\/comments?post=81248"}],"version-history":[{"count":1,"href":"https:\/\/tvtecjundiai.com.br\/news\/wp-json\/wp\/v2\/posts\/81248\/revisions"}],"predecessor-version":[{"id":81250,"href":"https:\/\/tvtecjundiai.com.br\/news\/wp-json\/wp\/v2\/posts\/81248\/revisions\/81250"}],"wp:featuredmedia":[{"embeddable":true,"href":"https:\/\/tvtecjundiai.com.br\/news\/wp-json\/wp\/v2\/media\/81249"}],"wp:attachment":[{"href":"https:\/\/tvtecjundiai.com.br\/news\/wp-json\/wp\/v2\/media?parent=81248"}],"wp:term":[{"taxonomy":"category","embeddable":true,"href":"https:\/\/tvtecjundiai.com.br\/news\/wp-json\/wp\/v2\/categories?post=81248"},{"taxonomy":"post_tag","embeddable":true,"href":"https:\/\/tvtecjundiai.com.br\/news\/wp-json\/wp\/v2\/tags?post=81248"}],"curies":[{"name":"wp","href":"https:\/\/api.w.org\/{rel}","templated":true}]}}