{"id":81269,"date":"2021-08-24T17:26:43","date_gmt":"2021-08-24T20:26:43","guid":{"rendered":"https:\/\/tvtecjundiai.com.br\/news\/?p=81269"},"modified":"2021-08-24T17:26:47","modified_gmt":"2021-08-24T20:26:47","slug":"rede-socioassistencial-tem-palestra-sobre-prevencao-a-violencia-com-especialista-da-onu-mulheres","status":"publish","type":"post","link":"https:\/\/tvtecjundiai.com.br\/news\/2021\/08\/24\/rede-socioassistencial-tem-palestra-sobre-prevencao-a-violencia-com-especialista-da-onu-mulheres\/","title":{"rendered":"Rede socioassistencial tem palestra sobre Preven\u00e7\u00e3o \u00e0 Viol\u00eancia com especialista da ONU Mulheres"},"content":{"rendered":"\n<p>A Unidade de Gest\u00e3o de Assist\u00eancia e Desenvolvimento Social (UGADS) promoveu, em parceria com a ONU Mulheres, escrit\u00f3rio da Organiza\u00e7\u00e3o das Na\u00e7\u00f5es Unidas para a igualdade de g\u00eanero e o empoderamento das meninas e mulheres, uma palestra sobre o trabalho da entidade na preven\u00e7\u00e3o da viol\u00eancia. O encontro on-line, realizado na manh\u00e3 desta ter\u00e7a-feira (24), contou com a participa\u00e7\u00e3o especial da analista de pol\u00edticas do escrit\u00f3rio da ag\u00eancia em Nova York, Michelle Mendes Meirelles Silva, que tem vasta experi\u00eancia e compartilhou o trabalho que tem desenvolvido para o tema.<\/p>\n\n\n\n<p>A atividade \u00e9 mais uma a\u00e7\u00e3o promovida pela Prefeitura para a programa\u00e7\u00e3o do \u201cAgosto Lil\u00e1s\u201d, campanha criada a partir da Lei Maria da Penha para o enfrentamento \u00e0 viol\u00eancia. Participaram do encontro os servidores da UGADS e outros integrantes da rede socioassistencial do munic\u00edpio.<\/p>\n\n\n\n<figure class=\"wp-block-image\"><img decoding=\"async\" src=\"https:\/\/jundiai.sp.gov.br\/noticias\/wp-content\/uploads\/sites\/32\/2021\/08\/palestra_onu_mulheres_ugads-4.jpg\" alt=\"\" class=\"wp-image-274849\" \/><figcaption>Michelle apresentou os diversos segmentos de atua\u00e7\u00e3o da ONU Mulheres para igualdade de g\u00eanero e empoderamento de mulheres e meninas<\/figcaption><\/figure>\n\n\n\n<p>Michelle apresentou os diversos segmentos de atua\u00e7\u00e3o da ONU Mulheres para a igualdade de g\u00eanero e o empoderamento de mulheres e meninas, e frisou os aspectos importantes sobre a preven\u00e7\u00e3o. \u201cO combate pela preven\u00e7\u00e3o \u00e9 um assunto recente, pois sempre o foco foram os resultados imediatos. A preven\u00e7\u00e3o, no entanto, depende de investimentos, pesquisa, planejamento rigoroso e indicadores. E a efetividade de seus resultados dependem ainda dos contextos e fatores de riscos envolvidos. E \u00e9 nisso que a preven\u00e7\u00e3o se difere dos demais tipos de interven\u00e7\u00f5es\u201d.<\/p>\n\n\n\n<p>Para a gestora-adjunta da UGADS, Franciellem Germano, encontro foi um privil\u00e9gio. \u201cA abordagem sobre a preven\u00e7\u00e3o da viol\u00eancia contra a mulher pela Michelle foi uma experi\u00eancia muito enriquecedora, um privil\u00e9gio para a nossa rede, que est\u00e1 focada em implementar pol\u00edticas p\u00fablicas efetivas contra este tipo de viol\u00eancia, que cada vez mais faz v\u00edtimas em todo o mundo\u201d.<\/p>\n\n\n\n<p>A diretora do Departamento de Prote\u00e7\u00e3o Social B\u00e1sica da UGADS, C\u00e1ssia Carpi do Prado, agradeceu a palestrante por ter aceitado o convite. \u201c A fala da palestrante est\u00e1 muito alinhada com o que trabalhamos como preventivo pela Prote\u00e7\u00e3o B\u00e1sica e trouxe \u00e0 rede muita reflex\u00e3o, mas tamb\u00e9m muita calma. Primeiramente, pois, diante da ang\u00fastia com que nos deparamos com os casos de viol\u00eancia e viola\u00e7\u00e3o queremos uma resposta imediata e ela explicou que a constru\u00e7\u00e3o envolve o longo prazo para que seja efetiva. Al\u00e9m de ela ter refor\u00e7ado a import\u00e2ncia do trabalho em parceria com as lideran\u00e7as e pot\u00eancias locais. Agradecemos a participa\u00e7\u00e3o da Michelle, afinal, n\u00e3o \u00e9 todo dia que temos um profissional da ONU falando conosco\u201d.<\/p>\n\n\n\n<p>Na ocasi\u00e3o, tamb\u00e9m foram apresentadas a Michelle as iniciativas de Jundia\u00ed no enfrentamento \u00e0 viol\u00eancia contra a mulher, entre elas o&nbsp;<a href=\"https:\/\/jundiai.sp.gov.br\/noticias\/2021\/06\/04\/por-onde-andei-roda-de-conversa-sobre-violencia-contra-a-mulher-e-retomada-de-modo-virtual\/\">programa \u201cPor Onde Andei\u201d, que trabalha com homens agressores<\/a>.<\/p>\n\n\n\n<figure class=\"wp-block-image\"><img decoding=\"async\" src=\"https:\/\/jundiai.sp.gov.br\/noticias\/wp-content\/uploads\/sites\/32\/2021\/08\/palestra_onu_mulheres_ugads-6-1268x960.jpg\" alt=\"\" class=\"wp-image-274850\" \/><figcaption>Representantes dos diversos servi\u00e7os e equipamentos da UGADS puderam participar da atividade<\/figcaption><\/figure>\n\n\n\n<p><strong>Mais programa\u00e7\u00e3o<\/strong><br>Sobre a lei Maria da Penha e o enfrentamento e preven\u00e7\u00e3o \u00e0 viol\u00eancia contra as mulheres est\u00e3o previstas uma atividade para servidores p\u00fablicos municipais na pr\u00f3xima segunda (30) e mais uma atividade da s\u00e9rie de lives \u201cEspecial Mulher\u201d na ter\u00e7a-feira (31), 19h30, realizada pela Unidade de Gest\u00e3o de Cultura (UGC) e pela Assessoria de Pol\u00edticas para as Mulheres da Unidade de Gest\u00e3o da Casa Civil (UGCC).<\/p>\n\n\n\n<p><em>(Fonte\/Imagem: Prefeitura de Jundia\u00ed)<\/em><\/p>\n","protected":false},"excerpt":{"rendered":"<p>O encontro on-line foi realizado na manh\u00e3 desta ter\u00e7a-feira (24).<\/p>\n","protected":false},"author":27,"featured_media":81270,"comment_status":"closed","ping_status":"closed","sticky":false,"template":"","format":"standard","meta":{"footnotes":""},"categories":[8356],"tags":[],"class_list":["post-81269","post","type-post","status-publish","format-standard","has-post-thumbnail","hentry","category-jundiai"],"_links":{"self":[{"href":"https:\/\/tvtecjundiai.com.br\/news\/wp-json\/wp\/v2\/posts\/81269","targetHints":{"allow":["GET"]}}],"collection":[{"href":"https:\/\/tvtecjundiai.com.br\/news\/wp-json\/wp\/v2\/posts"}],"about":[{"href":"https:\/\/tvtecjundiai.com.br\/news\/wp-json\/wp\/v2\/types\/post"}],"author":[{"embeddable":true,"href":"https:\/\/tvtecjundiai.com.br\/news\/wp-json\/wp\/v2\/users\/27"}],"replies":[{"embeddable":true,"href":"https:\/\/tvtecjundiai.com.br\/news\/wp-json\/wp\/v2\/comments?post=81269"}],"version-history":[{"count":1,"href":"https:\/\/tvtecjundiai.com.br\/news\/wp-json\/wp\/v2\/posts\/81269\/revisions"}],"predecessor-version":[{"id":81271,"href":"https:\/\/tvtecjundiai.com.br\/news\/wp-json\/wp\/v2\/posts\/81269\/revisions\/81271"}],"wp:featuredmedia":[{"embeddable":true,"href":"https:\/\/tvtecjundiai.com.br\/news\/wp-json\/wp\/v2\/media\/81270"}],"wp:attachment":[{"href":"https:\/\/tvtecjundiai.com.br\/news\/wp-json\/wp\/v2\/media?parent=81269"}],"wp:term":[{"taxonomy":"category","embeddable":true,"href":"https:\/\/tvtecjundiai.com.br\/news\/wp-json\/wp\/v2\/categories?post=81269"},{"taxonomy":"post_tag","embeddable":true,"href":"https:\/\/tvtecjundiai.com.br\/news\/wp-json\/wp\/v2\/tags?post=81269"}],"curies":[{"name":"wp","href":"https:\/\/api.w.org\/{rel}","templated":true}]}}