{"id":81291,"date":"2021-08-25T12:29:10","date_gmt":"2021-08-25T15:29:10","guid":{"rendered":"https:\/\/tvtecjundiai.com.br\/news\/?p=81291"},"modified":"2021-08-25T12:29:15","modified_gmt":"2021-08-25T15:29:15","slug":"oportunidade-em-jundiai-programa-bolsa-trabalho-tem-inscricoes-abertas-para-100-vagas","status":"publish","type":"post","link":"https:\/\/tvtecjundiai.com.br\/news\/2021\/08\/25\/oportunidade-em-jundiai-programa-bolsa-trabalho-tem-inscricoes-abertas-para-100-vagas\/","title":{"rendered":"Oportunidade em Jundia\u00ed: Programa &#8216;Bolsa Trabalho&#8217; tem inscri\u00e7\u00f5es abertas para 100 vagas"},"content":{"rendered":"\n<p>Jundia\u00ed aderiu ao programa do Governo do Estado Bolsa-Trabalho, voltado \u00e0 qualifica\u00e7\u00e3o profissional de pessoas desempregadas e&nbsp;em situa\u00e7\u00e3o de vulnerabilidade social,&nbsp;com prioridade para jovens e mulheres. As inscri\u00e7\u00f5es podem ser feitas partir desta quarta-feira (25) e o munic\u00edpio tem direito a&nbsp;100&nbsp;vagas de emprego.<\/p>\n\n\n\n<p>\u201cEm um momento em que h\u00e1 um aumento da vulnerabilidade social e que fam\u00edlias perdem renda, \u00e9 uma iniciativa muito v\u00e1lida. Jundia\u00ed est\u00e1 sempre em busca de oportunidades para que, principalmente, as pessoas mais vulner\u00e1veis tenham acesso aos benef\u00edcios sociais. Com este programa, elas ter\u00e3o a oportunidade de se capacitar e de trabalhar e isso vai mudar a vida de muita gente. Cidade boa \u00e9 a cidade que gera emprego e renda para as pessoas que vivem aqui\u201d, explica o prefeito Luiz Fernando Machado.<\/p>\n\n\n\n<p>Os selecionados receber\u00e3o uma bolsa-aux\u00edlio de R$&nbsp;450, mais R$ 85 referente a uma cesta b\u00e1sica, totalizando &nbsp;R$ 535,00&nbsp;durante cinco meses, mais curso de qualifica\u00e7\u00e3o profissional e apoio \u00e0 empregabilidade. Em Jundia\u00ed, a Unidade de Desenvolvimento Econ\u00f4mico, Ci\u00eancia e Tecnologia (UGDECT) gerenciar\u00e1 o programa atrav\u00e9s do&nbsp;Posto de Atendimento ao Trabalhador (PAT).<\/p>\n\n\n\n<p>\u201cTemos trabalhado incansavelmente na atra\u00e7\u00e3o de novas empresas, na gera\u00e7\u00e3o de emprego e renda em Jundia\u00ed. Esse programa nos auxiliar\u00e1, em primeiro lugar, com qualifica\u00e7\u00e3o profissional e empreendedora para \u00e0s pessoas, servindo como uma esp\u00e9cie de est\u00e1gio, em segundo lugar, \u00e9 mais uma fonte de renda para as pessoas que precisam de apoio\u201d. Afirma Cristiano Lopes, Gestor da Unidade de Desenvolvimento Econ\u00f4mico, Ci\u00eancia e Tecnologia.<\/p>\n\n\n\n<p>Ter\u00e3o prioridade: mulheres arrimo de fam\u00edlia, pessoas com maior tempo de desemprego, maior idade e maiores encargos familiares.&nbsp;Tamb\u00e9m prestar\u00e3o servi\u00e7os em \u00f3rg\u00e3os p\u00fablicos municipais, estaduais ou autarquias, com uma carga hor\u00e1ria de quatro horas di\u00e1rias, cinco dias da semana.<\/p>\n\n\n\n<p>\u201cParte do tempo de trabalho ser\u00e1 utilizada para forma\u00e7\u00e3o profissional e empreendedora. Temos um olhar voltado \u00e0 capacita\u00e7\u00e3o das pessoas e, consequentemente, \u00e0 abertura de novas oportunidades para suas vidas\u201d, explica Enrico Arkchimor Milamonti, Diretor do Departamento de Fomento ao Com\u00e9rcio e Servi\u00e7os e\u00a0Coordenador Municipal do Programa.<\/p>\n\n\n\n<div class=\"wp-block-image\"><figure class=\"aligncenter size-large is-resized\"><img loading=\"lazy\" decoding=\"async\" src=\"https:\/\/tvtecjundiai.com.br\/news\/wp-content\/uploads\/sites\/2\/2021\/08\/bolsa-do-povo_c_-4-1200x800.jpg\" alt=\"\" class=\"wp-image-81292\" width=\"627\" height=\"418\" srcset=\"https:\/\/tvtecjundiai.com.br\/news\/wp-content\/uploads\/sites\/2\/2021\/08\/bolsa-do-povo_c_-4-1200x800.jpg 1200w, https:\/\/tvtecjundiai.com.br\/news\/wp-content\/uploads\/sites\/2\/2021\/08\/bolsa-do-povo_c_-4-300x200.jpg 300w, https:\/\/tvtecjundiai.com.br\/news\/wp-content\/uploads\/sites\/2\/2021\/08\/bolsa-do-povo_c_-4-768x512.jpg 768w, https:\/\/tvtecjundiai.com.br\/news\/wp-content\/uploads\/sites\/2\/2021\/08\/bolsa-do-povo_c_-4.jpg 1280w\" sizes=\"auto, (max-width: 627px) 100vw, 627px\" \/><figcaption>Cadastro pode ser feito pelo site da Bolsa do Povo<\/figcaption><\/figure><\/div>\n\n\n\n<p>As inscri\u00e7\u00f5es come\u00e7am nesta quarta-feira (25), pelo site&nbsp;<a rel=\"noreferrer noopener\" href=\"http:\/\/bolsadopovo.sp.gov.br\/\" target=\"_blank\">bolsadopovo.sp.gov.br<\/a>. As inscri\u00e7\u00f5es s\u00e3o gratuitas e online, sendo necess\u00e1rio informar RG, CPF, Carteira de Trabalho e comprovante de endere\u00e7o. Podem se inscrever somente moradores de Jundia\u00ed, desempregados, maiores de 18 anos e com renda familiar de at\u00e9 R$ 550 por pessoa. A sele\u00e7\u00e3o acontece at\u00e9 o dia 4 de setembro e a convoca\u00e7\u00e3o ser\u00e1 feita por meio de publica\u00e7\u00e3o no Di\u00e1rio Oficial. O Posto de Atendimento ao Trabalhador (PAT) de Jundia\u00ed ser\u00e1 um ponto de apoio para quem tiver dificuldades em realizar a inscri\u00e7\u00e3o.<\/p>\n\n\n\n<p>Os inscritos poder\u00e3o escolher seis op\u00e7\u00f5es de cursos profissionalizantes virtuais da Univesp (Universidade Virtual do Estado de S\u00e3o Paulo), com dura\u00e7\u00e3o de 80 horas, nas \u00e1reas de Auxiliar de Controle de Produ\u00e7\u00e3o e Estoque, Gest\u00e3o Administrativa, Gest\u00e3o de Pessoas, Organiza\u00e7\u00e3o de Eventos, Rotinas e Servi\u00e7os Administrativos e Secretariado e Recep\u00e7\u00e3o.<\/p>\n\n\n\n<p>O Bolsa Trabalho tem como objetivo gerar renda, ocupa\u00e7\u00e3o, qualifica\u00e7\u00e3o e empregabilidade para as pessoas em situa\u00e7\u00e3o de vulnerabilidade social. A iniciativa \u00e9 do Governo de S\u00e3o Paulo em parceria com munic\u00edpios cadastrados no programa, para promover a retomada de emprego e renda e impactar, direta e indiretamente, cerca de 120 mil pessoas apenas em 2021.<\/p>\n\n\n\n<p><strong><em>(Fonte\/Imagem: Prefeitura de Jundia\u00ed)<\/em><\/strong><\/p>\n","protected":false},"excerpt":{"rendered":"<p>Os selecionados receber\u00e3o uma bolsa-aux\u00edlio de R$450, mais R$85 referente a uma cesta b\u00e1sica.<\/p>\n","protected":false},"author":25,"featured_media":81292,"comment_status":"closed","ping_status":"closed","sticky":false,"template":"","format":"standard","meta":{"footnotes":""},"categories":[5038,1],"tags":[],"class_list":["post-81291","post","type-post","status-publish","format-standard","has-post-thumbnail","hentry","category-emprego","category-noticias"],"_links":{"self":[{"href":"https:\/\/tvtecjundiai.com.br\/news\/wp-json\/wp\/v2\/posts\/81291","targetHints":{"allow":["GET"]}}],"collection":[{"href":"https:\/\/tvtecjundiai.com.br\/news\/wp-json\/wp\/v2\/posts"}],"about":[{"href":"https:\/\/tvtecjundiai.com.br\/news\/wp-json\/wp\/v2\/types\/post"}],"author":[{"embeddable":true,"href":"https:\/\/tvtecjundiai.com.br\/news\/wp-json\/wp\/v2\/users\/25"}],"replies":[{"embeddable":true,"href":"https:\/\/tvtecjundiai.com.br\/news\/wp-json\/wp\/v2\/comments?post=81291"}],"version-history":[{"count":1,"href":"https:\/\/tvtecjundiai.com.br\/news\/wp-json\/wp\/v2\/posts\/81291\/revisions"}],"predecessor-version":[{"id":81293,"href":"https:\/\/tvtecjundiai.com.br\/news\/wp-json\/wp\/v2\/posts\/81291\/revisions\/81293"}],"wp:featuredmedia":[{"embeddable":true,"href":"https:\/\/tvtecjundiai.com.br\/news\/wp-json\/wp\/v2\/media\/81292"}],"wp:attachment":[{"href":"https:\/\/tvtecjundiai.com.br\/news\/wp-json\/wp\/v2\/media?parent=81291"}],"wp:term":[{"taxonomy":"category","embeddable":true,"href":"https:\/\/tvtecjundiai.com.br\/news\/wp-json\/wp\/v2\/categories?post=81291"},{"taxonomy":"post_tag","embeddable":true,"href":"https:\/\/tvtecjundiai.com.br\/news\/wp-json\/wp\/v2\/tags?post=81291"}],"curies":[{"name":"wp","href":"https:\/\/api.w.org\/{rel}","templated":true}]}}