{"id":81300,"date":"2021-08-25T15:24:11","date_gmt":"2021-08-25T18:24:11","guid":{"rendered":"https:\/\/tvtecjundiai.com.br\/news\/?p=81300"},"modified":"2021-08-25T15:37:22","modified_gmt":"2021-08-25T18:37:22","slug":"jundiai-se-encanta-com-a-floracao-dos-ipes-amarelos","status":"publish","type":"post","link":"https:\/\/tvtecjundiai.com.br\/news\/2021\/08\/25\/jundiai-se-encanta-com-a-floracao-dos-ipes-amarelos\/","title":{"rendered":"Ruas e avenidas de Jundia\u00ed ganham cor com a flora\u00e7\u00e3o dos ip\u00eas amarelos"},"content":{"rendered":"\n<p>Quem anda pelas ruas e avenidas de Jundia\u00ed tem ficado maravilhado com a quantidade de ip\u00eas amarelos floridos pelo caminho. Eles colorem e embelezam a rotina apressada daqueles que saem para o trabalho todos os dias. \u00c9 dif\u00edcil encontrar algu\u00e9m que n\u00e3o tenha fotos ou que consiga n\u00e3o parar para contemplar tamanha beleza. <\/p>\n\n\n\n<div class=\"wp-block-image\"><figure class=\"aligncenter size-large is-resized\"><img loading=\"lazy\" decoding=\"async\" src=\"https:\/\/tvtecjundiai.com.br\/news\/wp-content\/uploads\/sites\/2\/2021\/08\/WhatsApp-Image-2021-08-24-at-13.30.39-720x960.jpeg\" alt=\"\" class=\"wp-image-81301\" width=\"431\" height=\"574\" srcset=\"https:\/\/tvtecjundiai.com.br\/news\/wp-content\/uploads\/sites\/2\/2021\/08\/WhatsApp-Image-2021-08-24-at-13.30.39-720x960.jpeg 720w, https:\/\/tvtecjundiai.com.br\/news\/wp-content\/uploads\/sites\/2\/2021\/08\/WhatsApp-Image-2021-08-24-at-13.30.39-300x400.jpeg 300w, https:\/\/tvtecjundiai.com.br\/news\/wp-content\/uploads\/sites\/2\/2021\/08\/WhatsApp-Image-2021-08-24-at-13.30.39-768x1024.jpeg 768w, https:\/\/tvtecjundiai.com.br\/news\/wp-content\/uploads\/sites\/2\/2021\/08\/WhatsApp-Image-2021-08-24-at-13.30.39-1152x1536.jpeg 1152w, https:\/\/tvtecjundiai.com.br\/news\/wp-content\/uploads\/sites\/2\/2021\/08\/WhatsApp-Image-2021-08-24-at-13.30.39.jpeg 1200w\" sizes=\"auto, (max-width: 431px) 100vw, 431px\" \/><\/figure><\/div>\n\n\n\n<p>Na Vila Esperan\u00e7a, o ip\u00ea plantado por dona Leonilda Peixoto h\u00e1 mais de 40 anos tornou-se um ponto tur\u00edstico entre os moradores do bairro. &#8220;Esse ano ela nos surpreendeu com tamanha beleza, mesmo em meio ao tempo seco, o ip\u00ea enobrece a rua com sua cor amarela vibrante&#8221;, conta Patricia Fagnani, que herdou da m\u00e3e o amor pelas plantas.<\/p>\n\n\n\n<p>&#8220;Muitos tem parado para fazer registros fotogr\u00e1ficos do ip\u00ea nesses dias. Abelhas e p\u00e1ssaros de v\u00e1rias esp\u00e9cies tamb\u00e9m aproveitam para fazer uma visitinta&#8221;, disse. <\/p>\n\n\n\n<p>Mas nem sempre foi assim. A professora da EMEB Deputado Ranieri Mazzilli lembra de \u00e9pocas em que os vizinhos n\u00e3o eram muito amig\u00e1veis: &#8220;J\u00e1 briguei muito por essa \u00e1rvore. Eles reclamavam da sujeira&#8221;.<\/p>\n\n\n\n<p>Presentes como esse s\u00e3o sempre muito bem-vindos na rotina, n\u00e3o \u00e9 mesmo?<\/p>\n\n\n\n<div class=\"wp-block-image\"><figure class=\"aligncenter size-large is-resized\"><img loading=\"lazy\" decoding=\"async\" src=\"https:\/\/tvtecjundiai.com.br\/news\/wp-content\/uploads\/sites\/2\/2021\/08\/WhatsApp-Image-2021-08-25-at-08.19.47-433x960.jpeg\" alt=\"\" class=\"wp-image-81302\" width=\"343\" height=\"760\" srcset=\"https:\/\/tvtecjundiai.com.br\/news\/wp-content\/uploads\/sites\/2\/2021\/08\/WhatsApp-Image-2021-08-25-at-08.19.47-433x960.jpeg 433w, https:\/\/tvtecjundiai.com.br\/news\/wp-content\/uploads\/sites\/2\/2021\/08\/WhatsApp-Image-2021-08-25-at-08.19.47-225x500.jpeg 225w, https:\/\/tvtecjundiai.com.br\/news\/wp-content\/uploads\/sites\/2\/2021\/08\/WhatsApp-Image-2021-08-25-at-08.19.47-692x1536.jpeg 692w, https:\/\/tvtecjundiai.com.br\/news\/wp-content\/uploads\/sites\/2\/2021\/08\/WhatsApp-Image-2021-08-25-at-08.19.47.jpeg 721w\" sizes=\"auto, (max-width: 343px) 100vw, 343px\" \/><\/figure><\/div>\n\n\n\n<div class=\"wp-block-image\"><figure class=\"aligncenter size-large is-resized\"><img loading=\"lazy\" decoding=\"async\" src=\"https:\/\/tvtecjundiai.com.br\/news\/wp-content\/uploads\/sites\/2\/2021\/08\/WhatsApp-Image-2021-08-25-at-08.19.48-433x960.jpeg\" alt=\"\" class=\"wp-image-81303\" width=\"344\" height=\"762\" \/><\/figure><\/div>\n\n\n\n<p><strong><em>(Fonte\/Imagem: TVTEC)<\/em><\/strong><\/p>\n","protected":false},"excerpt":{"rendered":"<p>Na Vila Esperan\u00e7a, o ip\u00ea plantado por dona Leonilda Peixoto h\u00e1 mais de 40 anos tornou-se um ponto tur\u00edstico.<\/p>\n","protected":false},"author":25,"featured_media":81304,"comment_status":"closed","ping_status":"closed","sticky":false,"template":"","format":"standard","meta":{"footnotes":""},"categories":[3569,1],"tags":[],"class_list":["post-81300","post","type-post","status-publish","format-standard","has-post-thumbnail","hentry","category-meio-ambiente","category-noticias"],"_links":{"self":[{"href":"https:\/\/tvtecjundiai.com.br\/news\/wp-json\/wp\/v2\/posts\/81300","targetHints":{"allow":["GET"]}}],"collection":[{"href":"https:\/\/tvtecjundiai.com.br\/news\/wp-json\/wp\/v2\/posts"}],"about":[{"href":"https:\/\/tvtecjundiai.com.br\/news\/wp-json\/wp\/v2\/types\/post"}],"author":[{"embeddable":true,"href":"https:\/\/tvtecjundiai.com.br\/news\/wp-json\/wp\/v2\/users\/25"}],"replies":[{"embeddable":true,"href":"https:\/\/tvtecjundiai.com.br\/news\/wp-json\/wp\/v2\/comments?post=81300"}],"version-history":[{"count":3,"href":"https:\/\/tvtecjundiai.com.br\/news\/wp-json\/wp\/v2\/posts\/81300\/revisions"}],"predecessor-version":[{"id":81308,"href":"https:\/\/tvtecjundiai.com.br\/news\/wp-json\/wp\/v2\/posts\/81300\/revisions\/81308"}],"wp:featuredmedia":[{"embeddable":true,"href":"https:\/\/tvtecjundiai.com.br\/news\/wp-json\/wp\/v2\/media\/81304"}],"wp:attachment":[{"href":"https:\/\/tvtecjundiai.com.br\/news\/wp-json\/wp\/v2\/media?parent=81300"}],"wp:term":[{"taxonomy":"category","embeddable":true,"href":"https:\/\/tvtecjundiai.com.br\/news\/wp-json\/wp\/v2\/categories?post=81300"},{"taxonomy":"post_tag","embeddable":true,"href":"https:\/\/tvtecjundiai.com.br\/news\/wp-json\/wp\/v2\/tags?post=81300"}],"curies":[{"name":"wp","href":"https:\/\/api.w.org\/{rel}","templated":true}]}}