{"id":81330,"date":"2021-08-25T17:39:15","date_gmt":"2021-08-25T20:39:15","guid":{"rendered":"https:\/\/tvtecjundiai.com.br\/news\/?p=81330"},"modified":"2021-08-25T17:39:25","modified_gmt":"2021-08-25T20:39:25","slug":"diretora-de-assuntos-corporativos-da-coca-cola-conhece-modelo-de-gestao-publica-de-jundiai","status":"publish","type":"post","link":"https:\/\/tvtecjundiai.com.br\/news\/2021\/08\/25\/diretora-de-assuntos-corporativos-da-coca-cola-conhece-modelo-de-gestao-publica-de-jundiai\/","title":{"rendered":"Diretora de assuntos corporativos da Coca-Cola conhece modelo de gest\u00e3o p\u00fablica de Jundia\u00ed"},"content":{"rendered":"\n<p>Em passagem pelo Brasil, a diretora de assuntos corporativos da Coca-Cola Femsa, Mar\u00eda del Carmen Alanis Figueroa, visitou a Prefeitura de Jundia\u00ed, na tarde desta quarta-feira (25), e foi recebida pelo prefeito Luiz Fernando Machado. Em reuni\u00e3o, eles conversaram sobre os trabalhos da Coca-Cola desenvolvidos em parceria com a cidade e a diretora p\u00f4de conhecer um pouco do modelo de gest\u00e3o inovador implantado pela atual administra\u00e7\u00e3o municipal.<\/p>\n\n\n\n<figure class=\"wp-block-image\"><img decoding=\"async\" src=\"https:\/\/jundiai.sp.gov.br\/noticias\/wp-content\/uploads\/sites\/32\/2021\/08\/reuniao_gabinete_cocacola_femsa-187.jpg\" alt=\"\" class=\"wp-image-274955\" \/><figcaption>Prefeito Luiz Fernando entrega livro da cidade para a diretora de assuntos corporativos da Coca-Cola Femsa, Mar\u00eda del Carmen<\/figcaption><\/figure>\n\n\n\n<p>\u201cJundia\u00ed tem hoje 160 multinacionais de 25 nacionalidades diferentes. Somos a 7\u00aa economia do Estado e a 17\u00ba do pa\u00eds. E estamos sempre dialogando com as empresas, para trazer mais desenvolvimento e emprego para a cidade\u201d, declarou o prefeito. \u201cNo caso da Coca-Cola, existem trabalhos em conjunto conosco para a qualifica\u00e7\u00e3o profissional e encaminhamento para postos de trabalho atrav\u00e9s do site Jundia\u00ed Empreendedora, isso sem falar nas doa\u00e7\u00f5es de \u00e1gua que a empresa fez para os trabalhadores da Sa\u00fade durante esta pandemia.\u201d<\/p>\n\n\n\n<p>\u201cEstamos muito contentes com a boa rela\u00e7\u00e3o que temos mantido com a cidade de Jundia\u00ed e esperamos fortalecer isso ainda mais\u201d, disse Mar\u00eda del Carmen durante o encontro, na companhia de outros executivos da Coca-Cola Femsa: a diretora jur\u00eddica e de assuntos corporativos, Camila Amaral; o gerente de assuntos corporativos, Andr\u00e9 Porto; e o diretor da planta de Jundia\u00ed, Vin\u00edcius Micai.<\/p>\n\n\n\n<p>Da Prefeitura, estiveram presentes os gestores de Governo e Finan\u00e7as, Jos\u00e9 Antonio Parimoschi, da Casa Civil, Gustavo Maryssael, de Desenvolvimento Econ\u00f4mico, Ci\u00eancia e Tecnologia, Cristiano Lopes, e a diretora da Unidade Central de Parcerias Estrat\u00e9gicas, Daniele Ruiz.<\/p>\n\n\n\n<p><strong>(Fonte\/Imagem: Prefeitura de Jundia\u00ed)<\/strong><\/p>\n","protected":false},"excerpt":{"rendered":"<p>Em passagem pelo Brasil, a diretora de assuntos corporativos da Coca-Cola Femsa, visitou a Prefeitura de Jundia\u00ed.<\/p>\n","protected":false},"author":27,"featured_media":81331,"comment_status":"closed","ping_status":"closed","sticky":false,"template":"","format":"standard","meta":{"footnotes":""},"categories":[8356],"tags":[],"class_list":["post-81330","post","type-post","status-publish","format-standard","has-post-thumbnail","hentry","category-jundiai"],"_links":{"self":[{"href":"https:\/\/tvtecjundiai.com.br\/news\/wp-json\/wp\/v2\/posts\/81330","targetHints":{"allow":["GET"]}}],"collection":[{"href":"https:\/\/tvtecjundiai.com.br\/news\/wp-json\/wp\/v2\/posts"}],"about":[{"href":"https:\/\/tvtecjundiai.com.br\/news\/wp-json\/wp\/v2\/types\/post"}],"author":[{"embeddable":true,"href":"https:\/\/tvtecjundiai.com.br\/news\/wp-json\/wp\/v2\/users\/27"}],"replies":[{"embeddable":true,"href":"https:\/\/tvtecjundiai.com.br\/news\/wp-json\/wp\/v2\/comments?post=81330"}],"version-history":[{"count":1,"href":"https:\/\/tvtecjundiai.com.br\/news\/wp-json\/wp\/v2\/posts\/81330\/revisions"}],"predecessor-version":[{"id":81332,"href":"https:\/\/tvtecjundiai.com.br\/news\/wp-json\/wp\/v2\/posts\/81330\/revisions\/81332"}],"wp:featuredmedia":[{"embeddable":true,"href":"https:\/\/tvtecjundiai.com.br\/news\/wp-json\/wp\/v2\/media\/81331"}],"wp:attachment":[{"href":"https:\/\/tvtecjundiai.com.br\/news\/wp-json\/wp\/v2\/media?parent=81330"}],"wp:term":[{"taxonomy":"category","embeddable":true,"href":"https:\/\/tvtecjundiai.com.br\/news\/wp-json\/wp\/v2\/categories?post=81330"},{"taxonomy":"post_tag","embeddable":true,"href":"https:\/\/tvtecjundiai.com.br\/news\/wp-json\/wp\/v2\/tags?post=81330"}],"curies":[{"name":"wp","href":"https:\/\/api.w.org\/{rel}","templated":true}]}}