{"id":81395,"date":"2021-08-26T17:18:49","date_gmt":"2021-08-26T20:18:49","guid":{"rendered":"https:\/\/tvtecjundiai.com.br\/news\/?p=81395"},"modified":"2021-08-26T17:18:54","modified_gmt":"2021-08-26T20:18:54","slug":"lei-maria-da-penha-sera-tema-da-live-especial-mulher-do-agosto-lilas","status":"publish","type":"post","link":"https:\/\/tvtecjundiai.com.br\/news\/2021\/08\/26\/lei-maria-da-penha-sera-tema-da-live-especial-mulher-do-agosto-lilas\/","title":{"rendered":"Lei Maria da Penha ser\u00e1 tema da Live Especial Mulher do Agosto Lil\u00e1s"},"content":{"rendered":"\n<p>Os 15 anos da Lei Maria da Penha, comemorados no \u00faltimo dia 7, ser\u00e3o lembrados em Jundia\u00ed na pr\u00f3xima ter\u00e7a-feira (31) durante a realiza\u00e7\u00e3o da Live Especial Mulher, que integra a programa\u00e7\u00e3o mensal realizada pela Assessoria de Pol\u00edticas para Mulheres da Unidade de Gest\u00e3o da Casa Civil (UGCC) em parceria com a Unidade de Gest\u00e3o de Cultura (UGC), com transmiss\u00e3o on-line nos canais da Cultura no&nbsp;<a href=\"https:\/\/www.facebook.com\/culturajundiai\" target=\"_blank\" rel=\"noreferrer noopener\">Facebook<\/a>&nbsp;e&nbsp;<a href=\"https:\/\/www.youtube.com\/c\/CulturaJundia%C3%AD\/featured\" target=\"_blank\" rel=\"noreferrer noopener\">YouTube<\/a>&nbsp;a partir das 19h30.<\/p>\n\n\n\n<p>Assim como nos encontros anteriores, que j\u00e1 debateram sobre a mulher no agroneg\u00f3cio, o mercado de trabalho, o enfrentamento \u00e0 viol\u00eancia, a amplia\u00e7\u00e3o de direitos e atua\u00e7\u00e3o das mulheres em diversas \u00e1reas, a live deste m\u00eas contar\u00e1 com as media\u00e7\u00f5es da assessora de Pol\u00edticas para Mulheres da UGCC, Penha Maria Camunhas Martins, e do gestor da UGC, Marcelo Peroni, e contar\u00e1 com a tradu\u00e7\u00e3o simult\u00e2nea em L\u00edngua Brasileira de Sinais (Libras).<\/p>\n\n\n\n<p>A atividade tamb\u00e9m faz parte das a\u00e7\u00f5es tem\u00e1ticas do Agosto Lil\u00e1s, que tamb\u00e9m faz refer\u00eancia ao anivers\u00e1rio da Lei e \u00e0 conscientiza\u00e7\u00e3o e combate \u00e0 viol\u00eancia contra a mulher.<\/p>\n\n\n\n<figure class=\"wp-block-image\"><img decoding=\"async\" src=\"https:\/\/jundiai.sp.gov.br\/noticias\/wp-content\/uploads\/sites\/32\/2021\/08\/live_mulher_violencia.png\" alt=\"\" class=\"wp-image-275025\" \/><figcaption>Atividade tamb\u00e9m faz parte das a\u00e7\u00f5es tem\u00e1ticas do Agosto Lil\u00e1s<\/figcaption><\/figure>\n\n\n\n<p>As convidadas especiais da noite que abordar\u00e1 os t\u00f3picos da Lei n\u00b011.340\/2006 ser\u00e3o: Kelli Giovanna Altieri Arantes, que \u00e9 Promotora de Justi\u00e7a do Estado de S\u00e3o Paulo e h\u00e1 20 anos atua na \u00e1rea criminal; Jamila Jorge Ferrari, que \u00e9 Delegada de Pol\u00edcia, Coordenadora do Servi\u00e7o T\u00e9cnico de Apoio \u00e0s Delegacias de Pol\u00edcia de Defesa da Mulher do Estado de S\u00e3o Paulo, coordenadora do Projeto Integrar, curso de capacita\u00e7\u00e3o de policiais no atendimento \u00e0s v\u00edtimas de viol\u00eancia dom\u00e9stica e sexual; e a Dr\u00aa. Mariana Chaib, Defensora P\u00fablica na Defensoria P\u00fablica do Estado de S\u00e3o Paulo, atuante na \u00e1rea da inf\u00e2ncia e juventude, c\u00edvel e infracional.<\/p>\n\n\n\n<p>Todos os encontros da s\u00e9rie de lives contam ainda com a performance especial de uma artista de Jundia\u00ed. A convidada desta vez ser\u00e1 a bailarina, professora e core\u00f3grafa Luana Esp\u00edndola formada em Ballet Cl\u00e1ssico, Jazz e Sapateado. Est\u00e1 \u00e0 frente do Instituto de Orienta\u00e7\u00e3o Art\u00edstica \u2013 IOA Dan\u00e7a, desde 2009. J\u00e1 atuou no Kadwah Grupo de Dan\u00e7a e integrou a Ra\u00e7a Cia. de Dan\u00e7a de S\u00e3o Paulo, com a qual se apresentou em turn\u00eas pelo Brasil com trabalhos consagrados.<\/p>\n\n\n\n<p>At\u00e9 o fim do ano, est\u00e3o previstos mais encontros on-line mensais, com convidados e artistas especiais, com temas como o papel da Mulher na Pol\u00edtica, a igualdade entre homens e mulheres, Direitos Humanos e Sa\u00fade da Mulher.<\/p>\n\n\n\n<p><em><strong>(Fonte\/Imagem: Prefeitura de Jundia\u00ed)<\/strong><\/em><\/p>\n","protected":false},"excerpt":{"rendered":"<p>As convidadas especiais da noite abordar\u00e3o os t\u00f3picos da Lei n\u00b011.340\/2006.<\/p>\n","protected":false},"author":27,"featured_media":81398,"comment_status":"closed","ping_status":"closed","sticky":false,"template":"","format":"standard","meta":{"footnotes":""},"categories":[8356],"tags":[],"class_list":["post-81395","post","type-post","status-publish","format-standard","has-post-thumbnail","hentry","category-jundiai"],"_links":{"self":[{"href":"https:\/\/tvtecjundiai.com.br\/news\/wp-json\/wp\/v2\/posts\/81395","targetHints":{"allow":["GET"]}}],"collection":[{"href":"https:\/\/tvtecjundiai.com.br\/news\/wp-json\/wp\/v2\/posts"}],"about":[{"href":"https:\/\/tvtecjundiai.com.br\/news\/wp-json\/wp\/v2\/types\/post"}],"author":[{"embeddable":true,"href":"https:\/\/tvtecjundiai.com.br\/news\/wp-json\/wp\/v2\/users\/27"}],"replies":[{"embeddable":true,"href":"https:\/\/tvtecjundiai.com.br\/news\/wp-json\/wp\/v2\/comments?post=81395"}],"version-history":[{"count":1,"href":"https:\/\/tvtecjundiai.com.br\/news\/wp-json\/wp\/v2\/posts\/81395\/revisions"}],"predecessor-version":[{"id":81399,"href":"https:\/\/tvtecjundiai.com.br\/news\/wp-json\/wp\/v2\/posts\/81395\/revisions\/81399"}],"wp:featuredmedia":[{"embeddable":true,"href":"https:\/\/tvtecjundiai.com.br\/news\/wp-json\/wp\/v2\/media\/81398"}],"wp:attachment":[{"href":"https:\/\/tvtecjundiai.com.br\/news\/wp-json\/wp\/v2\/media?parent=81395"}],"wp:term":[{"taxonomy":"category","embeddable":true,"href":"https:\/\/tvtecjundiai.com.br\/news\/wp-json\/wp\/v2\/categories?post=81395"},{"taxonomy":"post_tag","embeddable":true,"href":"https:\/\/tvtecjundiai.com.br\/news\/wp-json\/wp\/v2\/tags?post=81395"}],"curies":[{"name":"wp","href":"https:\/\/api.w.org\/{rel}","templated":true}]}}