{"id":81423,"date":"2021-08-27T11:15:42","date_gmt":"2021-08-27T14:15:42","guid":{"rendered":"https:\/\/tvtecjundiai.com.br\/news\/?p=81423"},"modified":"2021-08-27T11:15:43","modified_gmt":"2021-08-27T14:15:43","slug":"brasil-atinge-60-da-populacao-vacinada-com-ao-menos-uma-dose-contra-a-covid-19","status":"publish","type":"post","link":"https:\/\/tvtecjundiai.com.br\/news\/2021\/08\/27\/brasil-atinge-60-da-populacao-vacinada-com-ao-menos-uma-dose-contra-a-covid-19\/","title":{"rendered":"Brasil atinge 60% da popula\u00e7\u00e3o vacinada com ao menos uma dose contra a COVID-19"},"content":{"rendered":"\n<p>O Brasil chegou, nesta quinta-feira (26), a 127.098.222 milh\u00f5es de pessoas vacinadas com ao menos uma dose contra a COVID-19, o que corresponde a 60,02% da popula\u00e7\u00e3o. J\u00e1 aqueles que receberam duas doses ou dose \u00fanica de vacinas anticovid agora s\u00e3o 58.646.314 milh\u00f5es, o equivalente a 27,70% do total.<\/p>\n\n\n\n<div class=\"wp-block-image\"><figure class=\"aligncenter size-large is-resized\"><img loading=\"lazy\" decoding=\"async\" src=\"https:\/\/tvtecjundiai.com.br\/news\/wp-content\/uploads\/sites\/2\/2021\/06\/199774571_5726756177397643_1405369956634666177_n.jpg\" alt=\"\" class=\"wp-image-78242\" width=\"608\" height=\"405\" srcset=\"https:\/\/tvtecjundiai.com.br\/news\/wp-content\/uploads\/sites\/2\/2021\/06\/199774571_5726756177397643_1405369956634666177_n.jpg 960w, https:\/\/tvtecjundiai.com.br\/news\/wp-content\/uploads\/sites\/2\/2021\/06\/199774571_5726756177397643_1405369956634666177_n-300x200.jpg 300w, https:\/\/tvtecjundiai.com.br\/news\/wp-content\/uploads\/sites\/2\/2021\/06\/199774571_5726756177397643_1405369956634666177_n-768x512.jpg 768w\" sizes=\"auto, (max-width: 608px) 100vw, 608px\" \/><\/figure><\/div>\n\n\n\n<p>Nas \u00faltimas 24 horas, o pa\u00eds aplicou 1.413.401 doses de vacinas contra a COVID-19. Ao todo, foram administradas 454.711 mil primeiras doses, 954.759 mil segundas doses e 3.931 mil doses \u00fanicas. Os dados s\u00e3o reunidos pelo cons\u00f3rcio de ve\u00edculos de imprensa junto a secretarias de 26 Estados e Distrito Federal.<\/p>\n\n\n\n<p>Em termos proporcionais, o Mato Grosso do Sul tem a maior porcentagem da popula\u00e7\u00e3o completamente imunizada: 42,72%. Enquanto isso, S\u00e3o Paulo segue sendo o Estado que mais vacinou com primeira dose, com 71,26% dos habitantes parcialmente imunizados.<\/p>\n\n\n\n<p><strong><em>(Fonte: Estad\u00e3o\/Imagem: Prefeitura de Jundia\u00ed)<\/em><\/strong><\/p>\n","protected":false},"excerpt":{"rendered":"<p>J\u00e1 aqueles que receberam duas doses ou dose \u00fanica de vacinas anticovid correspondem a 27% do popula\u00e7\u00e3o.<\/p>\n","protected":false},"author":25,"featured_media":78242,"comment_status":"closed","ping_status":"closed","sticky":false,"template":"","format":"standard","meta":{"footnotes":""},"categories":[1,2839],"tags":[],"class_list":["post-81423","post","type-post","status-publish","format-standard","has-post-thumbnail","hentry","category-noticias","category-saude"],"_links":{"self":[{"href":"https:\/\/tvtecjundiai.com.br\/news\/wp-json\/wp\/v2\/posts\/81423","targetHints":{"allow":["GET"]}}],"collection":[{"href":"https:\/\/tvtecjundiai.com.br\/news\/wp-json\/wp\/v2\/posts"}],"about":[{"href":"https:\/\/tvtecjundiai.com.br\/news\/wp-json\/wp\/v2\/types\/post"}],"author":[{"embeddable":true,"href":"https:\/\/tvtecjundiai.com.br\/news\/wp-json\/wp\/v2\/users\/25"}],"replies":[{"embeddable":true,"href":"https:\/\/tvtecjundiai.com.br\/news\/wp-json\/wp\/v2\/comments?post=81423"}],"version-history":[{"count":1,"href":"https:\/\/tvtecjundiai.com.br\/news\/wp-json\/wp\/v2\/posts\/81423\/revisions"}],"predecessor-version":[{"id":81424,"href":"https:\/\/tvtecjundiai.com.br\/news\/wp-json\/wp\/v2\/posts\/81423\/revisions\/81424"}],"wp:featuredmedia":[{"embeddable":true,"href":"https:\/\/tvtecjundiai.com.br\/news\/wp-json\/wp\/v2\/media\/78242"}],"wp:attachment":[{"href":"https:\/\/tvtecjundiai.com.br\/news\/wp-json\/wp\/v2\/media?parent=81423"}],"wp:term":[{"taxonomy":"category","embeddable":true,"href":"https:\/\/tvtecjundiai.com.br\/news\/wp-json\/wp\/v2\/categories?post=81423"},{"taxonomy":"post_tag","embeddable":true,"href":"https:\/\/tvtecjundiai.com.br\/news\/wp-json\/wp\/v2\/tags?post=81423"}],"curies":[{"name":"wp","href":"https:\/\/api.w.org\/{rel}","templated":true}]}}