{"id":81425,"date":"2021-08-27T11:21:34","date_gmt":"2021-08-27T14:21:34","guid":{"rendered":"https:\/\/tvtecjundiai.com.br\/news\/?p=81425"},"modified":"2021-08-27T11:23:20","modified_gmt":"2021-08-27T14:23:20","slug":"sao-paulo-lanca-delegacia-da-diversidade-online-e-amplia-combate-a-crimes-de-intolerancia-1","status":"publish","type":"post","link":"https:\/\/tvtecjundiai.com.br\/news\/2021\/08\/27\/sao-paulo-lanca-delegacia-da-diversidade-online-e-amplia-combate-a-crimes-de-intolerancia-1\/","title":{"rendered":"Governo de SP cria Delegacia da Diversidade para ampliar o combate a crimes de intoler\u00e2ncia"},"content":{"rendered":"\n<p>O Governador Jo\u00e3o Doria realizou nesta quinta-feira (26) o lan\u00e7amento da Delegacia da Diversidade Online (DDD Online), respons\u00e1vel pelo registro eletr\u00f4nico de todas as ocorr\u00eancias de intoler\u00e2ncia ou preconceito por diversidade sexual e de g\u00eanero e demais delitos dessas naturezas. A iniciativa \u00e9 mais um passo importante para as pol\u00edticas p\u00fablicas de prote\u00e7\u00e3o \u00e0 diversidade e \u00e0s minorias no Estado de SP.<\/p>\n\n\n\n<p>\u201cO respeito \u00e9 a express\u00e3o do amor. Pessoas que t\u00eam a intoler\u00e2ncia como marca s\u00e3o pessoas que n\u00e3o se amam. S\u00e3o pessoas que odeiam. E \u00e9 dessas pessoas que desejamos dist\u00e2ncia. A essas pessoas, a aplica\u00e7\u00e3o da lei. S\u00e3o Paulo n\u00e3o tolera a intoler\u00e2ncia, aqui somos defensores da liberdade. E \u00e9 por isso que estamos fazendo aqui a Delegacia da Diversidade\u201d, destacou Doria.<\/p>\n\n\n\n<div class=\"wp-block-image\"><figure class=\"aligncenter size-large is-resized\"><img loading=\"lazy\" decoding=\"async\" src=\"https:\/\/tvtecjundiai.com.br\/news\/wp-content\/uploads\/sites\/2\/2021\/08\/51403882331_7c0aaf1687_o-1200x800.jpg\" alt=\"\" class=\"wp-image-81426\" width=\"633\" height=\"422\" srcset=\"https:\/\/tvtecjundiai.com.br\/news\/wp-content\/uploads\/sites\/2\/2021\/08\/51403882331_7c0aaf1687_o-1200x800.jpg 1200w, https:\/\/tvtecjundiai.com.br\/news\/wp-content\/uploads\/sites\/2\/2021\/08\/51403882331_7c0aaf1687_o-300x200.jpg 300w, https:\/\/tvtecjundiai.com.br\/news\/wp-content\/uploads\/sites\/2\/2021\/08\/51403882331_7c0aaf1687_o-768x512.jpg 768w, https:\/\/tvtecjundiai.com.br\/news\/wp-content\/uploads\/sites\/2\/2021\/08\/51403882331_7c0aaf1687_o.jpg 1280w\" sizes=\"auto, (max-width: 633px) 100vw, 633px\" \/><\/figure><\/div>\n\n\n\n<p>As v\u00edtimas poder\u00e3o acessar a Delegacia da Diversidade Online em qualquer hora do dia e a partir de qualquer dispositivo eletr\u00f4nico, sem que haja a necessidade de sair de casa. Ap\u00f3s o registro, as ocorr\u00eancias s\u00e3o direcionadas para investiga\u00e7\u00e3o na unidade especializada da capital ou DEICs regionais.<\/p>\n\n\n\n<p>A Delegacia da Diversidade Online pode ser acessada por meio do <a href=\"https:\/\/www.delegaciaeletronica.policiacivil.sp.gov.br\">site<\/a>. A plataforma, sob responsabilidade da Pol\u00edcia Civil do Estado de S\u00e3o Paulo, foi programada para f\u00e1cil navega\u00e7\u00e3o, de forma a simplificar o preenchimento das ocorr\u00eancias.<\/p>\n\n\n\n<p>Para realizar um registro, ap\u00f3s acessar o link, o cidad\u00e3o deve apenas clicar em comunicar ocorr\u00eancia e depois no \u00edcone Delegacia da Diversidade Online. O processo \u00e9 r\u00e1pido, seguro e n\u00e3o demanda conhecimento jur\u00eddico para classifica\u00e7\u00e3o do tipo de delito. A pr\u00f3pria plataforma oferece um question\u00e1rio para orientar a v\u00edtima sobre o tipo de viol\u00eancia sofrido.<\/p>\n\n\n\n<p>Depois de detalhar a ocorr\u00eancia, o cidad\u00e3o insere os dados pessoais, as informa\u00e7\u00f5es do agressor e as provas, caso possua. O processo de preenchimento \u00e9 o mesmo j\u00e1 adotado para os outros crimes da delegacia eletr\u00f4nica, mas adaptado \u00e0s peculiaridades dos delitos de intoler\u00e2ncia ou discrimina\u00e7\u00e3o.<\/p>\n\n\n\n<p><strong>Investiga\u00e7\u00e3o Especializada<\/strong><\/p>\n\n\n\n<p>O Governador Jo\u00e3o Doria tamb\u00e9m determinou a amplia\u00e7\u00e3o do combate a crimes de intoler\u00e2ncia por meio das Divis\u00f5es Especializadas de Investiga\u00e7\u00f5es Criminais (Deics) do Interior, que v\u00e3o investigar crimes relacionados \u00e0 ra\u00e7a, cor, etnia, religi\u00e3o, proced\u00eancia nacional, orienta\u00e7\u00e3o sexual ou identidade de g\u00eanero.<\/p>\n\n\n\n<p>Na capital, as investiga\u00e7\u00f5es ser\u00e3o feitas pela 2\u00aa Delegacia de Pol\u00edcia de Repress\u00e3o aos Crimes Raciais e de Delitos de Intoler\u00e2ncia, do Departamento Estadual de Homic\u00eddios e de Prote\u00e7\u00e3o \u00e0 Pessoa (DHPP), que agora passa a se chamar 2\u00aa Delegacia de Pol\u00edcia de Repress\u00e3o aos Crimes Raciais, contra a Diversidade Sexual e de G\u00eanero e outros Delitos de Intoler\u00e2ncia. A unidade ter\u00e1 a estrutura ampliada, com amplia\u00e7\u00e3o do quadro de funcion\u00e1rios e recebimento de quatro novas viaturas descaracterizadas.<\/p>\n\n\n\n<p>A altera\u00e7\u00f5es est\u00e3o previstas em decreto assinado nesta quinta-feira (26) para ser publicado no Di\u00e1rio Oficial do Estado. O delegado Geral da Pol\u00edcia Civil, Ruy Ferraz, informou que os policiais de todo estado ser\u00e3o treinados e preparados para atendimento e investiga\u00e7\u00e3o dos crimes de intoler\u00e2ncia. \u201cN\u00f3s temos treinamento espec\u00edfico para esses casos e estamos treinando todos os policiais do interior para que atendam com a dignidade que a v\u00edtima merece\u201d, destacou.<\/p>\n\n\n\n<p>A inclus\u00e3o dos crimes de intoler\u00e2ncia em decorr\u00eancia de identidade de g\u00eanero vai ao encontro da moderna doutrina de Direitos Humanos, al\u00e9m de dar cumprimento ao Plano Estadual de Enfrentamento \u00e0 Homofobia e Promo\u00e7\u00e3o da Cidadania LGBT. A medida ainda traz efetividade \u00e0 decis\u00e3o do Supremo Tribunal Federal (STF) que enquadrou as pr\u00e1ticas homof\u00f3bicas e transf\u00f3bicas como esp\u00e9cies do g\u00eanero racismo.<\/p>\n\n\n\n<p><strong><em>(Fonte\/Imagem: Governo de SP)<\/em><\/strong><\/p>\n","protected":false},"excerpt":{"rendered":"<p>A iniciativa \u00e9 mais um passo importante para as pol\u00edticas p\u00fablicas de prote\u00e7\u00e3o \u00e0 diversidade e \u00e0s minorias no Estado.<\/p>\n","protected":false},"author":25,"featured_media":81426,"comment_status":"closed","ping_status":"closed","sticky":false,"template":"","format":"standard","meta":{"footnotes":""},"categories":[1],"tags":[],"class_list":["post-81425","post","type-post","status-publish","format-standard","has-post-thumbnail","hentry","category-noticias"],"_links":{"self":[{"href":"https:\/\/tvtecjundiai.com.br\/news\/wp-json\/wp\/v2\/posts\/81425","targetHints":{"allow":["GET"]}}],"collection":[{"href":"https:\/\/tvtecjundiai.com.br\/news\/wp-json\/wp\/v2\/posts"}],"about":[{"href":"https:\/\/tvtecjundiai.com.br\/news\/wp-json\/wp\/v2\/types\/post"}],"author":[{"embeddable":true,"href":"https:\/\/tvtecjundiai.com.br\/news\/wp-json\/wp\/v2\/users\/25"}],"replies":[{"embeddable":true,"href":"https:\/\/tvtecjundiai.com.br\/news\/wp-json\/wp\/v2\/comments?post=81425"}],"version-history":[{"count":4,"href":"https:\/\/tvtecjundiai.com.br\/news\/wp-json\/wp\/v2\/posts\/81425\/revisions"}],"predecessor-version":[{"id":81430,"href":"https:\/\/tvtecjundiai.com.br\/news\/wp-json\/wp\/v2\/posts\/81425\/revisions\/81430"}],"wp:featuredmedia":[{"embeddable":true,"href":"https:\/\/tvtecjundiai.com.br\/news\/wp-json\/wp\/v2\/media\/81426"}],"wp:attachment":[{"href":"https:\/\/tvtecjundiai.com.br\/news\/wp-json\/wp\/v2\/media?parent=81425"}],"wp:term":[{"taxonomy":"category","embeddable":true,"href":"https:\/\/tvtecjundiai.com.br\/news\/wp-json\/wp\/v2\/categories?post=81425"},{"taxonomy":"post_tag","embeddable":true,"href":"https:\/\/tvtecjundiai.com.br\/news\/wp-json\/wp\/v2\/tags?post=81425"}],"curies":[{"name":"wp","href":"https:\/\/api.w.org\/{rel}","templated":true}]}}