{"id":81431,"date":"2021-08-27T12:36:28","date_gmt":"2021-08-27T15:36:28","guid":{"rendered":"https:\/\/tvtecjundiai.com.br\/news\/?p=81431"},"modified":"2021-08-27T12:39:36","modified_gmt":"2021-08-27T15:39:36","slug":"com-queda-em-internacoes-graves-por-covid-19-hsv-reduz-leitos-de-uti-e-amplia-enfermaria","status":"publish","type":"post","link":"https:\/\/tvtecjundiai.com.br\/news\/2021\/08\/27\/com-queda-em-internacoes-graves-por-covid-19-hsv-reduz-leitos-de-uti-e-amplia-enfermaria\/","title":{"rendered":"Com queda em interna\u00e7\u00f5es graves por COVID-19, Hospital S\u00e3o Vicente reduz leitos de UTI"},"content":{"rendered":"\n<p>A partir desta sexta-feira (27), o Hospital de Caridade S\u00e3o Vicente de Paulo (HSV) faz nova adequa\u00e7\u00e3o no n\u00famero de leitos dispon\u00edveis para tratamento de pacientes com covid-19. O n\u00famero de leitos passa de 69 leitos para 55 leitos. A medida foi adotada pelo Comit\u00ea de Enfrentamento ao Coronav\u00edrus (CEC) da Prefeitura de Jundia\u00ed, a partir dos \u00edndices de interna\u00e7\u00e3o na unidade. A reestrutura\u00e7\u00e3o inclui redu\u00e7\u00e3o de 52 para 29 leitos de Unidade de Terapia Intensiva (UTI) e amplia\u00e7\u00e3o de leitos em enfermaria, de 17 para 26.<\/p>\n\n\n\n<p>A amplia\u00e7\u00e3o de leitos de enfermaria se deve ao perfil dos pacientes atendidos atualmente pelo hospital, cuja maioria tem necessitado de interna\u00e7\u00e3o, por\u00e9m sem a infraestrutura de leitos de UTI. \u201cApesar de Jundia\u00ed estar enfrentando a pandemia com efici\u00eancia, ainda \u00e9 muito importante a colabora\u00e7\u00e3o da popula\u00e7\u00e3o. As medidas de prote\u00e7\u00e3o e ades\u00e3o \u00e0 vacina\u00e7\u00e3o devem ser mantidas. Seguimos atentos aos n\u00fameros e dados relevantes, diariamente, para salvar vidas de forma eficiente e promover a retomada da economia em nosso munic\u00edpio\u201d, comenta o prefeito Luiz Fernando Machado.<\/p>\n\n\n\n<figure class=\"wp-block-image\"><img decoding=\"async\" src=\"https:\/\/jundiai.sp.gov.br\/noticias\/wp-content\/uploads\/sites\/32\/2021\/02\/leitos_hsv.jpg\" alt=\"\" class=\"wp-image-263143\" \/><figcaption>Leitos COVID-19 foram adequados \u00e0 demanda<\/figcaption><\/figure>\n\n\n\n<p>Essa \u00e9 a vig\u00e9sima primeira adequa\u00e7\u00e3o de leitos que o HSV realiza no decorrer de 2021. Desde o in\u00edcio da pandemia COVID-19, mais de 3230 pacientes j\u00e1 tiveram alta m\u00e9dica na institui\u00e7\u00e3o. \u201cEntendemos que essa mudan\u00e7a no perfil dos pacientes internados \u00e9 resultado do nosso avan\u00e7o nos n\u00fameros de vacina\u00e7\u00e3o. Mesmo as pessoas que j\u00e1 receberam a segunda dose da vacina, n\u00e3o est\u00e3o totalmente isentas de terem a doen\u00e7a, por\u00e9m, percebemos que ela tem sido manifestada de forma mais branda\u201d, detalha o gestor da Unidade de Gest\u00e3o de Promo\u00e7\u00e3o da Sa\u00fade (UGPS) Tiago Texera.<\/p>\n\n\n\n<p><em><strong>(Fonte\/Imagem: Prefeitura de Jundia\u00ed)<\/strong><\/em><\/p>\n","protected":false},"excerpt":{"rendered":"<p>Essa \u00e9 a vig\u00e9sima primeira adequa\u00e7\u00e3o de leitos que o HSV realiza no decorrer de 2021. <\/p>\n","protected":false},"author":27,"featured_media":81432,"comment_status":"closed","ping_status":"closed","sticky":false,"template":"","format":"standard","meta":{"footnotes":""},"categories":[8356,2839],"tags":[],"class_list":["post-81431","post","type-post","status-publish","format-standard","has-post-thumbnail","hentry","category-jundiai","category-saude"],"_links":{"self":[{"href":"https:\/\/tvtecjundiai.com.br\/news\/wp-json\/wp\/v2\/posts\/81431","targetHints":{"allow":["GET"]}}],"collection":[{"href":"https:\/\/tvtecjundiai.com.br\/news\/wp-json\/wp\/v2\/posts"}],"about":[{"href":"https:\/\/tvtecjundiai.com.br\/news\/wp-json\/wp\/v2\/types\/post"}],"author":[{"embeddable":true,"href":"https:\/\/tvtecjundiai.com.br\/news\/wp-json\/wp\/v2\/users\/27"}],"replies":[{"embeddable":true,"href":"https:\/\/tvtecjundiai.com.br\/news\/wp-json\/wp\/v2\/comments?post=81431"}],"version-history":[{"count":2,"href":"https:\/\/tvtecjundiai.com.br\/news\/wp-json\/wp\/v2\/posts\/81431\/revisions"}],"predecessor-version":[{"id":81437,"href":"https:\/\/tvtecjundiai.com.br\/news\/wp-json\/wp\/v2\/posts\/81431\/revisions\/81437"}],"wp:featuredmedia":[{"embeddable":true,"href":"https:\/\/tvtecjundiai.com.br\/news\/wp-json\/wp\/v2\/media\/81432"}],"wp:attachment":[{"href":"https:\/\/tvtecjundiai.com.br\/news\/wp-json\/wp\/v2\/media?parent=81431"}],"wp:term":[{"taxonomy":"category","embeddable":true,"href":"https:\/\/tvtecjundiai.com.br\/news\/wp-json\/wp\/v2\/categories?post=81431"},{"taxonomy":"post_tag","embeddable":true,"href":"https:\/\/tvtecjundiai.com.br\/news\/wp-json\/wp\/v2\/tags?post=81431"}],"curies":[{"name":"wp","href":"https:\/\/api.w.org\/{rel}","templated":true}]}}