{"id":81434,"date":"2021-08-27T12:38:32","date_gmt":"2021-08-27T15:38:32","guid":{"rendered":"https:\/\/tvtecjundiai.com.br\/news\/?p=81434"},"modified":"2021-08-27T12:38:36","modified_gmt":"2021-08-27T15:38:36","slug":"campanha-fala-juventude-sera-divulgada-em-polos-de-vacinacao-e-espacos-publicos","status":"publish","type":"post","link":"https:\/\/tvtecjundiai.com.br\/news\/2021\/08\/27\/campanha-fala-juventude-sera-divulgada-em-polos-de-vacinacao-e-espacos-publicos\/","title":{"rendered":"Campanha Fala Juventude! ser\u00e1 divulgada em polos de vacina\u00e7\u00e3o e espa\u00e7os p\u00fablicos"},"content":{"rendered":"\n<p>Lan\u00e7ada no in\u00edcio do m\u00eas, durante a Semana Municipal da Juventude, a Campanha Fala Juventude! ser\u00e1 divulgada em polos de vacina\u00e7\u00e3o e espa\u00e7os p\u00fablicos como centros esportivos e no CEU das Artes do bairro Vista Alegre. A divulga\u00e7\u00e3o ser\u00e1 feita atrav\u00e9s de cartazes fixados nesses locais, a partir desta sexta-feira (27). A campanha tem o objetivo de ouvir o p\u00fablico jovem e fazer um diagn\u00f3stico da percep\u00e7\u00e3o que eles t\u00eam da cidade.<\/p>\n\n\n\n<p>A Assessoria de Pol\u00edticas para a Juventude \u00e9 ligada \u00e0 Unidade de Gest\u00e3o da Casa Civil. \u201cSabemos da relev\u00e2ncia que o jovem tem em nossa sociedade e poder abrir canais de di\u00e1logo, como \u00e9 o caso dessa campanha, \u00e9 muito importante, inclusive para a constru\u00e7\u00e3o de futuras pol\u00edticas p\u00fablicas\u201d, diz o gestor da Casa Civil, Gustavo Maryssael.<\/p>\n\n\n\n<p>\u201cEscolhemos locais com grande circula\u00e7\u00e3o de pessoas e, atrav\u00e9s deles, a proposta \u00e9 chegar a mais jovens, que s\u00e3o importantes multiplicadores de informa\u00e7\u00e3o e participam de diferentes debates em nossa cidade\u201d, explica a Assessora de Pol\u00edticas para a Juventude, Let\u00edcia Atique Branco, que lembra tamb\u00e9m que, segundo o Estatuto da Juventude, \u00e9 considerado jovem quem est\u00e1 na faixa et\u00e1ria de 15 a 29 anos.<\/p>\n\n\n\n<p>Para participar da campanha clique&nbsp;<a rel=\"noreferrer noopener\" href=\"https:\/\/docs.google.com\/forms\/d\/e\/1FAIpQLSe84wOXcGuYYC9fVgWGmcOSS6PnYjWkfEyh_n0pHsnekhGbow\/viewform\" target=\"_blank\"><strong>AQUI<\/strong><\/a>.<\/p>\n\n\n\n<figure class=\"wp-block-image\"><img decoding=\"async\" src=\"https:\/\/jundiai.sp.gov.br\/noticias\/wp-content\/uploads\/sites\/32\/2021\/08\/falajuventude.jpg\" alt=\"Mulher de cabelos longos, em posi\u00e7\u00e3o de lado e usando m\u00e1scara, segura cartaz com informa\u00e7\u00f5es escritas e foto sobre uma porta de madeira.\" class=\"wp-image-275124\" \/><figcaption>Campanha tem o objetivo de ouvir o p\u00fablico jovem e fazer diagn\u00f3stico das percep\u00e7\u00e3o que eles t\u00eam da cidade<\/figcaption><\/figure>\n\n\n\n<p><em><strong>(Fonte: Prefeitura de Jundia\u00ed\/ Imagem: Divulga\u00e7\u00e3o)<\/strong><\/em><\/p>\n","protected":false},"excerpt":{"rendered":"<p>A campanha tem o objetivo de ouvir o p\u00fablico jovem e fazer um diagn\u00f3stico da percep\u00e7\u00e3o que eles t\u00eam da cidade.<\/p>\n","protected":false},"author":27,"featured_media":81435,"comment_status":"closed","ping_status":"closed","sticky":false,"template":"","format":"standard","meta":{"footnotes":""},"categories":[1],"tags":[],"class_list":["post-81434","post","type-post","status-publish","format-standard","has-post-thumbnail","hentry","category-noticias"],"_links":{"self":[{"href":"https:\/\/tvtecjundiai.com.br\/news\/wp-json\/wp\/v2\/posts\/81434","targetHints":{"allow":["GET"]}}],"collection":[{"href":"https:\/\/tvtecjundiai.com.br\/news\/wp-json\/wp\/v2\/posts"}],"about":[{"href":"https:\/\/tvtecjundiai.com.br\/news\/wp-json\/wp\/v2\/types\/post"}],"author":[{"embeddable":true,"href":"https:\/\/tvtecjundiai.com.br\/news\/wp-json\/wp\/v2\/users\/27"}],"replies":[{"embeddable":true,"href":"https:\/\/tvtecjundiai.com.br\/news\/wp-json\/wp\/v2\/comments?post=81434"}],"version-history":[{"count":1,"href":"https:\/\/tvtecjundiai.com.br\/news\/wp-json\/wp\/v2\/posts\/81434\/revisions"}],"predecessor-version":[{"id":81436,"href":"https:\/\/tvtecjundiai.com.br\/news\/wp-json\/wp\/v2\/posts\/81434\/revisions\/81436"}],"wp:featuredmedia":[{"embeddable":true,"href":"https:\/\/tvtecjundiai.com.br\/news\/wp-json\/wp\/v2\/media\/81435"}],"wp:attachment":[{"href":"https:\/\/tvtecjundiai.com.br\/news\/wp-json\/wp\/v2\/media?parent=81434"}],"wp:term":[{"taxonomy":"category","embeddable":true,"href":"https:\/\/tvtecjundiai.com.br\/news\/wp-json\/wp\/v2\/categories?post=81434"},{"taxonomy":"post_tag","embeddable":true,"href":"https:\/\/tvtecjundiai.com.br\/news\/wp-json\/wp\/v2\/tags?post=81434"}],"curies":[{"name":"wp","href":"https:\/\/api.w.org\/{rel}","templated":true}]}}