{"id":81438,"date":"2021-08-27T14:04:27","date_gmt":"2021-08-27T17:04:27","guid":{"rendered":"https:\/\/tvtecjundiai.com.br\/news\/?p=81438"},"modified":"2021-08-27T14:04:28","modified_gmt":"2021-08-27T17:04:28","slug":"secretario-do-meio-ambiente-descreve-cenario-de-pos-guerra-apos-queimada-na-serra-do-japi-prejuizo-incalculavel","status":"publish","type":"post","link":"https:\/\/tvtecjundiai.com.br\/news\/2021\/08\/27\/secretario-do-meio-ambiente-descreve-cenario-de-pos-guerra-apos-queimada-na-serra-do-japi-prejuizo-incalculavel\/","title":{"rendered":"Secret\u00e1rio do Meio Ambiente descreve cen\u00e1rio de &#8216;p\u00f3s-guerra&#8217; ap\u00f3s queimada na Serra do Japi: &#8216;Preju\u00edzo incalcul\u00e1vel&#8217;"},"content":{"rendered":"\n<p>O combate \u00e0s chamas do inc\u00eandio na Serra do Japi, em Cabre\u00fava, que come\u00e7ou na sexta-feira (20), ainda continua nesta quinta-feira (26). A \u00e1rea atingida pelo fogo ultrapassa os quatro milh\u00f5es de metros quadrados. Para o Secret\u00e1rio de Obras e Meio Ambiente da cidade, as consequ\u00eancias ser\u00e3o severas.<\/p>\n\n\n\n<p>&#8220;O preju\u00edzo \u00e9 incalcul\u00e1vel. Se pegarmos a quest\u00e3o da parte de vegeta\u00e7\u00e3o, foi bem triste de ver a situa\u00e7\u00e3o. \u00c9 quase uma situa\u00e7\u00e3o p\u00f3s-guerra. Porque o fogo passou e acabou com tudo&#8221;, afirma o secret\u00e1rio Maxwell Rodrigues.<\/p>\n\n\n\n<p>Os animais feridos s\u00e3o tamb\u00e9m mais um reflexo da queimada. Na ter\u00e7a-feira (24), quatro filhotes \u00f3rf\u00e3os de cachorro-do-mato e dois filhotes de tapiti, tamb\u00e9m conhecidos como coelho-do-mato, foram levados \u00e0 Associa\u00e7\u00e3o Mata Ciliar.<\/p>\n\n\n\n<div class=\"wp-block-image\"><figure class=\"aligncenter size-large is-resized\"><img loading=\"lazy\" decoding=\"async\" src=\"https:\/\/tvtecjundiai.com.br\/news\/wp-content\/uploads\/sites\/2\/2021\/08\/incendio-serra-do-japi.jpg\" alt=\"\" class=\"wp-image-81439\" width=\"629\" height=\"363\" srcset=\"https:\/\/tvtecjundiai.com.br\/news\/wp-content\/uploads\/sites\/2\/2021\/08\/incendio-serra-do-japi.jpg 984w, https:\/\/tvtecjundiai.com.br\/news\/wp-content\/uploads\/sites\/2\/2021\/08\/incendio-serra-do-japi-300x173.jpg 300w, https:\/\/tvtecjundiai.com.br\/news\/wp-content\/uploads\/sites\/2\/2021\/08\/incendio-serra-do-japi-768x444.jpg 768w\" sizes=\"auto, (max-width: 629px) 100vw, 629px\" \/><figcaption>Imagens de drone mostram \u00e1rea destru\u00edda por inc\u00eandio na Serra do Japi \u2014 Foto: Corpo de Bombeiros\/Reprodu\u00e7\u00e3o<\/figcaption><\/figure><\/div>\n\n\n\n<p>A ONG montou uma base de apoio para realizar os atendimentos aos animais encontrados pr\u00f3ximos dos focos de inc\u00eandio. No total, mais de 100 pessoas trabalham para combater as chamas desde sexta-feira (20), entre bombeiros, guardas municipais, equipes da Defesa Civil e volunt\u00e1rios.<\/p>\n\n\n\n<p>Uma fazenda teve 20 colmeias atingidas pelo fogo na regi\u00e3o de Cabre\u00fava. Segundo apurado pela TV TEM, o dono da fazenda chegou a perder 800 quilos de mel durante o inc\u00eandio. As colmeias ficavam dentro de uma \u00e1rea de mata na propriedade.<\/p>\n\n\n\n<div class=\"wp-block-image\"><figure class=\"aligncenter size-large is-resized\"><img loading=\"lazy\" decoding=\"async\" src=\"https:\/\/tvtecjundiai.com.br\/news\/wp-content\/uploads\/sites\/2\/2021\/08\/queimada-jund.jpg\" alt=\"\" class=\"wp-image-81440\" width=\"623\" height=\"350\" srcset=\"https:\/\/tvtecjundiai.com.br\/news\/wp-content\/uploads\/sites\/2\/2021\/08\/queimada-jund.jpg 984w, https:\/\/tvtecjundiai.com.br\/news\/wp-content\/uploads\/sites\/2\/2021\/08\/queimada-jund-300x169.jpg 300w, https:\/\/tvtecjundiai.com.br\/news\/wp-content\/uploads\/sites\/2\/2021\/08\/queimada-jund-768x432.jpg 768w\" sizes=\"auto, (max-width: 623px) 100vw, 623px\" \/><figcaption>Defesa Civil e bombeiros combatem queimada de grandes propor\u00e7\u00f5es na Serra do Japi \u2014 Foto: Arquivo Pessoal<\/figcaption><\/figure><\/div>\n\n\n\n<p><strong><em>(Fonte\/Imagem: G1)<\/em><\/strong><\/p>\n","protected":false},"excerpt":{"rendered":"<p>\u00c1rea atingida pelo fogo ultrapassa os quatro milh\u00f5es de metros quadrados.<\/p>\n","protected":false},"author":25,"featured_media":81439,"comment_status":"closed","ping_status":"closed","sticky":false,"template":"","format":"standard","meta":{"footnotes":""},"categories":[3569,1],"tags":[],"class_list":["post-81438","post","type-post","status-publish","format-standard","has-post-thumbnail","hentry","category-meio-ambiente","category-noticias"],"_links":{"self":[{"href":"https:\/\/tvtecjundiai.com.br\/news\/wp-json\/wp\/v2\/posts\/81438","targetHints":{"allow":["GET"]}}],"collection":[{"href":"https:\/\/tvtecjundiai.com.br\/news\/wp-json\/wp\/v2\/posts"}],"about":[{"href":"https:\/\/tvtecjundiai.com.br\/news\/wp-json\/wp\/v2\/types\/post"}],"author":[{"embeddable":true,"href":"https:\/\/tvtecjundiai.com.br\/news\/wp-json\/wp\/v2\/users\/25"}],"replies":[{"embeddable":true,"href":"https:\/\/tvtecjundiai.com.br\/news\/wp-json\/wp\/v2\/comments?post=81438"}],"version-history":[{"count":1,"href":"https:\/\/tvtecjundiai.com.br\/news\/wp-json\/wp\/v2\/posts\/81438\/revisions"}],"predecessor-version":[{"id":81442,"href":"https:\/\/tvtecjundiai.com.br\/news\/wp-json\/wp\/v2\/posts\/81438\/revisions\/81442"}],"wp:featuredmedia":[{"embeddable":true,"href":"https:\/\/tvtecjundiai.com.br\/news\/wp-json\/wp\/v2\/media\/81439"}],"wp:attachment":[{"href":"https:\/\/tvtecjundiai.com.br\/news\/wp-json\/wp\/v2\/media?parent=81438"}],"wp:term":[{"taxonomy":"category","embeddable":true,"href":"https:\/\/tvtecjundiai.com.br\/news\/wp-json\/wp\/v2\/categories?post=81438"},{"taxonomy":"post_tag","embeddable":true,"href":"https:\/\/tvtecjundiai.com.br\/news\/wp-json\/wp\/v2\/tags?post=81438"}],"curies":[{"name":"wp","href":"https:\/\/api.w.org\/{rel}","templated":true}]}}