{"id":8144,"date":"2018-03-28T12:35:23","date_gmt":"2018-03-28T15:35:23","guid":{"rendered":"https:\/\/tvtecjundiai.com.br\/news\/?p=8144"},"modified":"2018-03-28T12:35:23","modified_gmt":"2018-03-28T15:35:23","slug":"tecnologia-facebook-cria-atalho-para-usuario-ver-o-que-compartilha-com-a-ferramenta","status":"publish","type":"post","link":"https:\/\/tvtecjundiai.com.br\/news\/2018\/03\/28\/tecnologia-facebook-cria-atalho-para-usuario-ver-o-que-compartilha-com-a-ferramenta\/","title":{"rendered":"Tecnologia: Facebook cria atalho para usu\u00e1rio ver o que compartilha com a ferramenta"},"content":{"rendered":"<p>O Facebook criou\u00a0 nesta quarta-feira (28) um atalho para o usu\u00e1rio verificar o que compartilha com a ferramenta. Agora, ser\u00e1 poss\u00edvel ver quais informa\u00e7\u00f5es estar\u00e3o dispon\u00edveis na rede social e, al\u00e9m disso, baix\u00e1-las e at\u00e9 exclu\u00ed-las.<\/p>\n<div id=\"attachment_5866\" style=\"width: 433px\" class=\"wp-caption alignleft\"><a href=\"https:\/\/tvtecjundiai.com.br\/news\/wp-content\/uploads\/sites\/2\/2018\/01\/2018-01-17t194922z-230997785-rc1824ac5c50-rtrmadp-3-britain-eu-facebook.jpg\"><img loading=\"lazy\" decoding=\"async\" aria-describedby=\"caption-attachment-5866\" class=\"wp-image-5866\" src=\"https:\/\/tvtecjundiai.com.br\/news\/wp-content\/uploads\/sites\/2\/2018\/01\/2018-01-17t194922z-230997785-rc1824ac5c50-rtrmadp-3-britain-eu-facebook-300x203.jpg\" alt=\"\" width=\"423\" height=\"286\" srcset=\"https:\/\/tvtecjundiai.com.br\/news\/wp-content\/uploads\/sites\/2\/2018\/01\/2018-01-17t194922z-230997785-rc1824ac5c50-rtrmadp-3-britain-eu-facebook-300x203.jpg 300w, https:\/\/tvtecjundiai.com.br\/news\/wp-content\/uploads\/sites\/2\/2018\/01\/2018-01-17t194922z-230997785-rc1824ac5c50-rtrmadp-3-britain-eu-facebook-768x520.jpg 768w, https:\/\/tvtecjundiai.com.br\/news\/wp-content\/uploads\/sites\/2\/2018\/01\/2018-01-17t194922z-230997785-rc1824ac5c50-rtrmadp-3-britain-eu-facebook-1200x812.jpg 1200w, https:\/\/tvtecjundiai.com.br\/news\/wp-content\/uploads\/sites\/2\/2018\/01\/2018-01-17t194922z-230997785-rc1824ac5c50-rtrmadp-3-britain-eu-facebook.jpg 1600w\" sizes=\"auto, (max-width: 423px) 100vw, 423px\" \/><\/a><p id=\"caption-attachment-5866\" class=\"wp-caption-text\">Os usu\u00e1rios poder\u00e3o ter mais controle sobre os conte\u00fados compartilhados<\/p><\/div>\n<p>Essa \u00e9 a primeira a\u00e7\u00e3o do Facebook\u00a0ap\u00f3s informa\u00e7\u00f5es de mais de 50 milh\u00f5es de usu\u00e1rios terem sido acessadas sem o consentimento das pessoas por uma consultoria pol\u00edtica que trabalhou na campanha de Donald Trump e durante o Brexit.<\/p>\n<p>Com as mudan\u00e7as, os dados estar\u00e3o dispon\u00edveis em apenas um lugar e o atalho que levar\u00e1 a eles ser\u00e1 posicionado no topo, acima do news feed.<\/p>\n<p>A partir da nova ferramenta, os internautas poder\u00e3o configurar elementos relacionados \u00e0 seguran\u00e7a com o aviso caso algu\u00e9m tente fazer login\u00a0em uma conta a partir de um dispositivo n\u00e3o cadastrado; o controle de intera\u00e7\u00f5es, notificando o usu\u00e1rio sobre o conte\u00fado j\u00e1 compartilhado ou exclu\u00eddo e o gerenciamento de privacidade, que permite selecionar quem v\u00ea as publica\u00e7\u00f5es\u00a0 quais informa\u00e7\u00f5es s\u00e3o vis\u00edveis no perfil.<\/p>\n<p><em>(Fonte: G1)<\/em><\/p>\n<p>&nbsp;<\/p>\n","protected":false},"excerpt":{"rendered":"<p>Ser\u00e1 poss\u00edvel tamb\u00e9m ver quais informa\u00e7\u00f5es dispon\u00edveis na rede social <\/p>\n","protected":false},"author":11,"featured_media":8062,"comment_status":"closed","ping_status":"closed","sticky":false,"template":"","format":"standard","meta":{"footnotes":""},"categories":[1],"tags":[2669,2670,237,1842,2671,136,353,813],"class_list":["post-8144","post","type-post","status-publish","format-standard","has-post-thumbnail","hentry","category-noticias","tag-compartilhamento","tag-conteudo","tag-facebook","tag-fundacao-tve","tag-informacoes","tag-rede-tvtec","tag-tecnologia","tag-vazamento"],"_links":{"self":[{"href":"https:\/\/tvtecjundiai.com.br\/news\/wp-json\/wp\/v2\/posts\/8144","targetHints":{"allow":["GET"]}}],"collection":[{"href":"https:\/\/tvtecjundiai.com.br\/news\/wp-json\/wp\/v2\/posts"}],"about":[{"href":"https:\/\/tvtecjundiai.com.br\/news\/wp-json\/wp\/v2\/types\/post"}],"author":[{"embeddable":true,"href":"https:\/\/tvtecjundiai.com.br\/news\/wp-json\/wp\/v2\/users\/11"}],"replies":[{"embeddable":true,"href":"https:\/\/tvtecjundiai.com.br\/news\/wp-json\/wp\/v2\/comments?post=8144"}],"version-history":[{"count":1,"href":"https:\/\/tvtecjundiai.com.br\/news\/wp-json\/wp\/v2\/posts\/8144\/revisions"}],"predecessor-version":[{"id":8161,"href":"https:\/\/tvtecjundiai.com.br\/news\/wp-json\/wp\/v2\/posts\/8144\/revisions\/8161"}],"wp:featuredmedia":[{"embeddable":true,"href":"https:\/\/tvtecjundiai.com.br\/news\/wp-json\/wp\/v2\/media\/8062"}],"wp:attachment":[{"href":"https:\/\/tvtecjundiai.com.br\/news\/wp-json\/wp\/v2\/media?parent=8144"}],"wp:term":[{"taxonomy":"category","embeddable":true,"href":"https:\/\/tvtecjundiai.com.br\/news\/wp-json\/wp\/v2\/categories?post=8144"},{"taxonomy":"post_tag","embeddable":true,"href":"https:\/\/tvtecjundiai.com.br\/news\/wp-json\/wp\/v2\/tags?post=8144"}],"curies":[{"name":"wp","href":"https:\/\/api.w.org\/{rel}","templated":true}]}}