{"id":81443,"date":"2021-08-27T14:27:29","date_gmt":"2021-08-27T17:27:29","guid":{"rendered":"https:\/\/tvtecjundiai.com.br\/news\/?p=81443"},"modified":"2021-08-27T14:27:30","modified_gmt":"2021-08-27T17:27:30","slug":"gratidao-marca-o-retorno-de-mais-uma-atividade-voluntaria-no-hospital-sao-vicente","status":"publish","type":"post","link":"https:\/\/tvtecjundiai.com.br\/news\/2021\/08\/27\/gratidao-marca-o-retorno-de-mais-uma-atividade-voluntaria-no-hospital-sao-vicente\/","title":{"rendered":"Gratid\u00e3o marca o retorno de mais uma atividade volunt\u00e1ria no Hospital S\u00e3o Vicente"},"content":{"rendered":"\n<p>Comemorado no dia 28 de agosto, o Dia Nacional do Voluntariado, tem um novo significado para os membros do grupo \u201cVisita Vicente\u201d. Participar da rotina do Hospital de Caridade S\u00e3o Vicente de Paulo (HSV) \u00e9 mais do que auxiliar as equipes e a institui\u00e7\u00e3o nas tarefas di\u00e1rias, \u00e9 se sentir \u00fatil \u00e0 sociedade e colaborar para melhoria da sa\u00fade prestada \u00e0 popula\u00e7\u00e3o. Priorizando o acolhimento e buscando contribuir com as pr\u00e1ticas de humaniza\u00e7\u00e3o, o ato de ajudar aquece o cora\u00e7\u00e3o de quem dedica o seu tempo \u00e0s necessidades do pr\u00f3ximo.<\/p>\n\n\n\n<p>No in\u00edcio desta semana, ap\u00f3s a suspens\u00e3o das a\u00e7\u00f5es volunt\u00e1rias na institui\u00e7\u00e3o devido a pandemia, mais um servi\u00e7o teve suas atividades retomadas. Desde o dia 23, todos os dias a partir das 11h, os membros, j\u00e1 vacinados com as duas doses e seguindo todos os protocolos de seguran\u00e7a, se re\u00fanem na entrada de visitantes para realizar o acolhimento dos familiares. Solid\u00e1rios, os volunt\u00e1rios acompanham os entes e durante o trajeto, num momento de empatia e solidariedade, oferecem uma palavra de conforto ao visitante.<\/p>\n\n\n\n<div class=\"wp-block-image\"><figure class=\"aligncenter size-large is-resized\"><img loading=\"lazy\" decoding=\"async\" src=\"https:\/\/tvtecjundiai.com.br\/news\/wp-content\/uploads\/sites\/2\/2021\/08\/Em-nome-do-Time-de-Humanizacao-Viviane-Rasera-realiza-entrega-da-homen...-1200x675.jpg\" alt=\"\" class=\"wp-image-81444\" width=\"567\" height=\"318\" srcset=\"https:\/\/tvtecjundiai.com.br\/news\/wp-content\/uploads\/sites\/2\/2021\/08\/Em-nome-do-Time-de-Humanizacao-Viviane-Rasera-realiza-entrega-da-homen...-1200x675.jpg 1200w, https:\/\/tvtecjundiai.com.br\/news\/wp-content\/uploads\/sites\/2\/2021\/08\/Em-nome-do-Time-de-Humanizacao-Viviane-Rasera-realiza-entrega-da-homen...-300x169.jpg 300w, https:\/\/tvtecjundiai.com.br\/news\/wp-content\/uploads\/sites\/2\/2021\/08\/Em-nome-do-Time-de-Humanizacao-Viviane-Rasera-realiza-entrega-da-homen...-768x432.jpg 768w, https:\/\/tvtecjundiai.com.br\/news\/wp-content\/uploads\/sites\/2\/2021\/08\/Em-nome-do-Time-de-Humanizacao-Viviane-Rasera-realiza-entrega-da-homen....jpg 1280w\" sizes=\"auto, (max-width: 567px) 100vw, 567px\" \/><\/figure><\/div>\n\n\n\n<p>Alair da Silva Sanchez, de 79 anos, conta que durante o per\u00edodo de isolamento em que esteve longe do hospital, sentiu uma sensa\u00e7\u00e3o de vazio. \u201cNossa vida estava concentrada no S\u00e3o Vicente. Pelo menos uma ou duas vezes por semana dedic\u00e1vamos algumas horas dos nossos dias ao querido hospital. Quanta saudade sentimos. A segunda sensa\u00e7\u00e3o foi melhor, quando n\u00f3s recebemos a not\u00edcia por meio da nossa coordenadora Cyzinha Toniolo de que o nosso voluntariado iria retornar. Fiquei encarregada de avisar o pessoal e todo mundo transbordou de alegria. Vamos continuar cumprindo a nossa miss\u00e3o\u201d.<\/p>\n\n\n\n<p>Atualmente, o Visita Vicente conta com 48 volunt\u00e1rios distribu\u00eddos em fun\u00e7\u00f5es variadas, 28 deles s\u00f3 no acolhimento de visitas. Com um fluxo de visitantes menor e divididos em duplas, a escala do primeiro turno ser\u00e1 das 11h \u00e0s 14h e o segundo atuar\u00e1 das 14h \u00e0s 17h. \u201cNosso cora\u00e7\u00e3o est\u00e1 batendo mais forte. Uma pequena palavra j\u00e1 muda nosso dia, um gesto de agradecimento, um sorriso, tudo isso nos faz t\u00e3o bem. N\u00f3s ajudamos, mas tamb\u00e9m somos ajudados com pequenas palavras e o nosso dia a dia no hospital\u201d, disse Alair.<\/p>\n\n\n\n<p>O casal Elenice e Ademar, durante uma visita a um paciente, ficou sabendo do grupo e juntos decidiram entrar no programa. \u201cSomos casados h\u00e1 40 anos. Ap\u00f3s a aposentadoria, n\u00f3s fic\u00e1vamos em casa, sem atividades para fazer, longe dos filhos, pois j\u00e1 s\u00e3o casados, ent\u00e3o t\u00ednhamos vontade de voltar a fazer alguma a\u00e7\u00e3o. Vimos uma placa falando sobre o voluntariado e levamos a ficha para preencher. O que nos motivou foi poder doar um pouco de n\u00f3s para os outros, isso nos alegra. Estamos muito felizes por retornar, ainda mais na semana que comemoramos o dia do voluntariado\u201d, compartilha Elenice.<\/p>\n\n\n\n<div class=\"wp-block-image\"><figure class=\"aligncenter size-large is-resized\"><img loading=\"lazy\" decoding=\"async\" src=\"https:\/\/tvtecjundiai.com.br\/news\/wp-content\/uploads\/sites\/2\/2021\/08\/A-homenagem-sera-entregue-a-todos-os-voluntarios-da-instituicao-1200x833.jpg\" alt=\"\" class=\"wp-image-81445\" width=\"605\" height=\"420\" srcset=\"https:\/\/tvtecjundiai.com.br\/news\/wp-content\/uploads\/sites\/2\/2021\/08\/A-homenagem-sera-entregue-a-todos-os-voluntarios-da-instituicao-1200x833.jpg 1200w, https:\/\/tvtecjundiai.com.br\/news\/wp-content\/uploads\/sites\/2\/2021\/08\/A-homenagem-sera-entregue-a-todos-os-voluntarios-da-instituicao-300x208.jpg 300w, https:\/\/tvtecjundiai.com.br\/news\/wp-content\/uploads\/sites\/2\/2021\/08\/A-homenagem-sera-entregue-a-todos-os-voluntarios-da-instituicao-768x533.jpg 768w, https:\/\/tvtecjundiai.com.br\/news\/wp-content\/uploads\/sites\/2\/2021\/08\/A-homenagem-sera-entregue-a-todos-os-voluntarios-da-instituicao.jpg 1280w\" sizes=\"auto, (max-width: 605px) 100vw, 605px\" \/><\/figure><\/div>\n\n\n\n<p>Para celebrar a data especial, os volunt\u00e1rios receberam um vasinho com plantas e um cart\u00e3o da equipe do Time de Humaniza\u00e7\u00e3o. Priorizando a seguran\u00e7a de todos, as a\u00e7\u00f5es dos grupos que atuam na institui\u00e7\u00e3o de forma volunt\u00e1ria ser\u00e3o gradualmente retomadas. Al\u00e9m do Visita Vicente, o hospital conta com a parceria do Caminho da Alegria, Canto Cidad\u00e3o e ONG Amigos pela F\u00e9. A institui\u00e7\u00e3o agradece a todos pelo comprometimento e dedica\u00e7\u00e3o na constru\u00e7\u00e3o de um S\u00e3o Vicente cada vez melhor.<\/p>\n\n\n\n<p><strong><em>(Fonte\/Imagem: Assessoria HSV)<\/em><\/strong><\/p>\n","protected":false},"excerpt":{"rendered":"<p>O grupo &#8216;Visita Vicente&#8217; retornou as atividades no in\u00edcio desta semana.<\/p>\n","protected":false},"author":25,"featured_media":81444,"comment_status":"closed","ping_status":"closed","sticky":false,"template":"","format":"standard","meta":{"footnotes":""},"categories":[1,2839],"tags":[],"class_list":["post-81443","post","type-post","status-publish","format-standard","has-post-thumbnail","hentry","category-noticias","category-saude"],"_links":{"self":[{"href":"https:\/\/tvtecjundiai.com.br\/news\/wp-json\/wp\/v2\/posts\/81443","targetHints":{"allow":["GET"]}}],"collection":[{"href":"https:\/\/tvtecjundiai.com.br\/news\/wp-json\/wp\/v2\/posts"}],"about":[{"href":"https:\/\/tvtecjundiai.com.br\/news\/wp-json\/wp\/v2\/types\/post"}],"author":[{"embeddable":true,"href":"https:\/\/tvtecjundiai.com.br\/news\/wp-json\/wp\/v2\/users\/25"}],"replies":[{"embeddable":true,"href":"https:\/\/tvtecjundiai.com.br\/news\/wp-json\/wp\/v2\/comments?post=81443"}],"version-history":[{"count":1,"href":"https:\/\/tvtecjundiai.com.br\/news\/wp-json\/wp\/v2\/posts\/81443\/revisions"}],"predecessor-version":[{"id":81446,"href":"https:\/\/tvtecjundiai.com.br\/news\/wp-json\/wp\/v2\/posts\/81443\/revisions\/81446"}],"wp:featuredmedia":[{"embeddable":true,"href":"https:\/\/tvtecjundiai.com.br\/news\/wp-json\/wp\/v2\/media\/81444"}],"wp:attachment":[{"href":"https:\/\/tvtecjundiai.com.br\/news\/wp-json\/wp\/v2\/media?parent=81443"}],"wp:term":[{"taxonomy":"category","embeddable":true,"href":"https:\/\/tvtecjundiai.com.br\/news\/wp-json\/wp\/v2\/categories?post=81443"},{"taxonomy":"post_tag","embeddable":true,"href":"https:\/\/tvtecjundiai.com.br\/news\/wp-json\/wp\/v2\/tags?post=81443"}],"curies":[{"name":"wp","href":"https:\/\/api.w.org\/{rel}","templated":true}]}}