{"id":81450,"date":"2021-08-27T15:04:51","date_gmt":"2021-08-27T18:04:51","guid":{"rendered":"https:\/\/tvtecjundiai.com.br\/news\/?p=81450"},"modified":"2021-08-27T15:04:51","modified_gmt":"2021-08-27T18:04:51","slug":"covid-19-jundiai-tera-dia-d-para-aplicacao-da-segunda-dose-neste-sabado-28","status":"publish","type":"post","link":"https:\/\/tvtecjundiai.com.br\/news\/2021\/08\/27\/covid-19-jundiai-tera-dia-d-para-aplicacao-da-segunda-dose-neste-sabado-28\/","title":{"rendered":"COVID-19: Jundia\u00ed ter\u00e1 &#8216;Dia D&#8217; para aplica\u00e7\u00e3o da segunda dose neste s\u00e1bado (28)"},"content":{"rendered":"\n<p>Entre as 5,4 mil pessoas que est\u00e3o com a segunda dose de vacina contra a COVID-19, em Jundia\u00ed, atrasadas, cerca de 34% s\u00e3o de moradores da cidade que receberam a primeira dose de vacina Coronavac (at\u00e9 31 de julho) e Astrazeneca (at\u00e9 05 de junho). Para facilitar o acesso \u00e0 dose, a Prefeitura de Jundia\u00ed, por meio da Unidade de Gest\u00e3o de Promo\u00e7\u00e3o da Sa\u00fade (UGPS), realiza, neste s\u00e1bado (28), Dia D da segunda dose das vacinas.<\/p>\n\n\n\n<p>\u201cAl\u00e9m da liga\u00e7\u00e3o que as equipes fizeram ao longo da semana, para as pessoas que est\u00e3o em atraso, neste s\u00e1bado (28), essa popula\u00e7\u00e3o ter\u00e1 a oferta da aplica\u00e7\u00e3o da Coronavac atrasada em qualquer uma das UBSs que ter\u00e3o a vacina\u00e7\u00e3o da dose, das 8h30 \u00e0s 11h e das 13h \u00e0s 16h30\u201d, explica a enfermeira da Vigil\u00e2ncia Epidemiol\u00f3gica (VE), Maria do Carmo Possidente.<\/p>\n\n\n\n<div class=\"wp-block-image\"><figure class=\"aligncenter size-large is-resized\"><img loading=\"lazy\" decoding=\"async\" src=\"https:\/\/tvtecjundiai.com.br\/news\/wp-content\/uploads\/sites\/2\/2021\/08\/vacinacao-covid-ubs-pitangueiras-99-1200x801.jpg\" alt=\"\" class=\"wp-image-81452\" width=\"639\" height=\"426\" srcset=\"https:\/\/tvtecjundiai.com.br\/news\/wp-content\/uploads\/sites\/2\/2021\/08\/vacinacao-covid-ubs-pitangueiras-99-1200x801.jpg 1200w, https:\/\/tvtecjundiai.com.br\/news\/wp-content\/uploads\/sites\/2\/2021\/08\/vacinacao-covid-ubs-pitangueiras-99-300x200.jpg 300w, https:\/\/tvtecjundiai.com.br\/news\/wp-content\/uploads\/sites\/2\/2021\/08\/vacinacao-covid-ubs-pitangueiras-99-768x512.jpg 768w, https:\/\/tvtecjundiai.com.br\/news\/wp-content\/uploads\/sites\/2\/2021\/08\/vacinacao-covid-ubs-pitangueiras-99.jpg 1280w\" sizes=\"auto, (max-width: 639px) 100vw, 639px\" \/><figcaption>Vacina\u00e7\u00e3o em segunda dose aos atrasados ser\u00e1 oferecida em postos de vacina\u00e7\u00e3o, neste s\u00e1bado (28)<\/figcaption><\/figure><\/div>\n\n\n\n<p>O local mais pr\u00f3ximo da resid\u00eancia para a aplica\u00e7\u00e3o pode ser consultado no site da Prefeitura, no link Coronav\u00edrus,&nbsp;<a href=\"https:\/\/jundiai.sp.gov.br\/coronavirus\/vacinacao-covid-19\/\">Calend\u00e1rio de Vacina\u00e7\u00e3o<\/a>.<\/p>\n\n\n\n<p>Para receber a aplica\u00e7\u00e3o, basta apresentar o comprovante da primeira dose, CPF, documento com foto e comprovante de resid\u00eancia. Em caso de d\u00favida, basta acessar o site da Prefeitura de Jundia\u00ed, na p\u00e1gina Coronav\u00edrus, Agendamento de Vacina\u00e7\u00e3o.<\/p>\n\n\n\n<p><strong><em>(Fonte\/Imagem: Prefeitura de Jundia\u00ed)<\/em><\/strong><\/p>\n","protected":false},"excerpt":{"rendered":"<p>Para receber a aplica\u00e7\u00e3o, basta apresentar o comprovante da primeira dose, CPF, documento com foto e comprovante de resid\u00eancia.<\/p>\n","protected":false},"author":25,"featured_media":81452,"comment_status":"closed","ping_status":"closed","sticky":false,"template":"","format":"standard","meta":{"footnotes":""},"categories":[1,2839],"tags":[],"class_list":["post-81450","post","type-post","status-publish","format-standard","has-post-thumbnail","hentry","category-noticias","category-saude"],"_links":{"self":[{"href":"https:\/\/tvtecjundiai.com.br\/news\/wp-json\/wp\/v2\/posts\/81450","targetHints":{"allow":["GET"]}}],"collection":[{"href":"https:\/\/tvtecjundiai.com.br\/news\/wp-json\/wp\/v2\/posts"}],"about":[{"href":"https:\/\/tvtecjundiai.com.br\/news\/wp-json\/wp\/v2\/types\/post"}],"author":[{"embeddable":true,"href":"https:\/\/tvtecjundiai.com.br\/news\/wp-json\/wp\/v2\/users\/25"}],"replies":[{"embeddable":true,"href":"https:\/\/tvtecjundiai.com.br\/news\/wp-json\/wp\/v2\/comments?post=81450"}],"version-history":[{"count":1,"href":"https:\/\/tvtecjundiai.com.br\/news\/wp-json\/wp\/v2\/posts\/81450\/revisions"}],"predecessor-version":[{"id":81453,"href":"https:\/\/tvtecjundiai.com.br\/news\/wp-json\/wp\/v2\/posts\/81450\/revisions\/81453"}],"wp:featuredmedia":[{"embeddable":true,"href":"https:\/\/tvtecjundiai.com.br\/news\/wp-json\/wp\/v2\/media\/81452"}],"wp:attachment":[{"href":"https:\/\/tvtecjundiai.com.br\/news\/wp-json\/wp\/v2\/media?parent=81450"}],"wp:term":[{"taxonomy":"category","embeddable":true,"href":"https:\/\/tvtecjundiai.com.br\/news\/wp-json\/wp\/v2\/categories?post=81450"},{"taxonomy":"post_tag","embeddable":true,"href":"https:\/\/tvtecjundiai.com.br\/news\/wp-json\/wp\/v2\/tags?post=81450"}],"curies":[{"name":"wp","href":"https:\/\/api.w.org\/{rel}","templated":true}]}}