{"id":81464,"date":"2021-08-27T16:45:02","date_gmt":"2021-08-27T19:45:02","guid":{"rendered":"https:\/\/tvtecjundiai.com.br\/news\/?p=81464"},"modified":"2021-08-27T16:45:03","modified_gmt":"2021-08-27T19:45:03","slug":"area-atingida-por-queimada-na-serra-do-japi-chega-a-7-milhoes-de-metros-quadrados","status":"publish","type":"post","link":"https:\/\/tvtecjundiai.com.br\/news\/2021\/08\/27\/area-atingida-por-queimada-na-serra-do-japi-chega-a-7-milhoes-de-metros-quadrados\/","title":{"rendered":"\u00c1rea atingida por queimada na Serra do Japi chega a 7 milh\u00f5es de metros quadrados"},"content":{"rendered":"\n<p>A \u00e1rea atingida pelo inc\u00eandio na Serra do Japi, em Cabre\u00fava, chegou a 7 milh\u00f5es de metros quadrados na noite de quinta-feira (26), segundo o levantamento da Defesa Civil municipal. O trabalho de combate \u00e0s chamas j\u00e1 dura uma semana.<\/p>\n\n\n\n<p>O coordenador da Defesa Civil, Alex Barbosa, detalhou que a equipe preparou um esquema de monitoramento pr\u00f3ximo \u00e0s estradas para evitar que as chamas se alastrem pela \u00e1rea no per\u00edodo da noite, por causa do vento registrado na regi\u00e3o.<\/p>\n\n\n\n<div class=\"wp-block-image\"><figure class=\"aligncenter size-large is-resized\"><img loading=\"lazy\" decoding=\"async\" src=\"https:\/\/tvtecjundiai.com.br\/news\/wp-content\/uploads\/sites\/2\/2021\/08\/queimada-jund-1.jpg\" alt=\"\" class=\"wp-image-81466\" width=\"666\" height=\"374\" srcset=\"https:\/\/tvtecjundiai.com.br\/news\/wp-content\/uploads\/sites\/2\/2021\/08\/queimada-jund-1.jpg 984w, https:\/\/tvtecjundiai.com.br\/news\/wp-content\/uploads\/sites\/2\/2021\/08\/queimada-jund-1-300x169.jpg 300w, https:\/\/tvtecjundiai.com.br\/news\/wp-content\/uploads\/sites\/2\/2021\/08\/queimada-jund-1-768x432.jpg 768w\" sizes=\"auto, (max-width: 666px) 100vw, 666px\" \/><\/figure><\/div>\n\n\n\n<p>&#8220;A equipe da Defesa Civil vai fazer o monitoramento em uma extens\u00e3o de cinco a seis quil\u00f4metros para poder proteger o outro lado da Serra. Ent\u00e3o, precisa desse monitoramento porque se esse fogo chegar por l\u00e1 a gente pode perder todo o trabalho que foi feito hoje durante o dia&#8221;, explica.<\/p>\n\n\n\n<p>Ainda segundo o coordenador, a mudan\u00e7a de clima que est\u00e1 prevista para a partir de sexta-feira (27) pode ser uma esperan\u00e7a para que o fogo seja cessado.<\/p>\n\n\n\n<p>&#8220;\u00c9 uma perda, infelizmente, de \u00e1rvores, a quest\u00e3o dos animais que est\u00e3o se sentindo acuados. Ent\u00e3o, isso para n\u00f3s \u00e9 uma grande tristeza. A gente tamb\u00e9m conta com a mudan\u00e7a do clima. Est\u00e1 esperado para at\u00e9 domingo a chuva. Ent\u00e3o, h\u00e1 esperan\u00e7a de chover para nos ajudar e cessar esse fogo.&#8221;<\/p>\n\n\n\n<p>De acordo com o tenente do Corpo de Bombeiros, Fl\u00e1vio Medrado, apesar dos esfor\u00e7os das equipes que trabalham dia e noite no combate, a \u00e1rea \u00e9 grande e de dif\u00edcil acesso.<\/p>\n\n\n\n<p>&#8220;A \u00e1rea que est\u00e1 incendiada \u00e9 muito grande e de dif\u00edcil acesso, mas aos pouquinhos, com a aeronave \u00c1guia e as equipes em terra, a gente est\u00e1 conseguindo avan\u00e7ar, mas \u00e9 bem pouco.&#8221;<\/p>\n\n\n\n<div class=\"wp-block-image\"><figure class=\"aligncenter size-large is-resized\"><img loading=\"lazy\" decoding=\"async\" src=\"https:\/\/tvtecjundiai.com.br\/news\/wp-content\/uploads\/sites\/2\/2021\/08\/incendio-serra-do-japi-1.jpg\" alt=\"\" class=\"wp-image-81465\" width=\"703\" height=\"406\" srcset=\"https:\/\/tvtecjundiai.com.br\/news\/wp-content\/uploads\/sites\/2\/2021\/08\/incendio-serra-do-japi-1.jpg 984w, https:\/\/tvtecjundiai.com.br\/news\/wp-content\/uploads\/sites\/2\/2021\/08\/incendio-serra-do-japi-1-300x173.jpg 300w, https:\/\/tvtecjundiai.com.br\/news\/wp-content\/uploads\/sites\/2\/2021\/08\/incendio-serra-do-japi-1-768x444.jpg 768w\" sizes=\"auto, (max-width: 703px) 100vw, 703px\" \/><\/figure><\/div>\n\n\n\n<p><strong>&#8216;Preju\u00edzo incalcul\u00e1vel&#8217;<\/strong><\/p>\n\n\n\n<p>Os animais feridos s\u00e3o tamb\u00e9m mais um reflexo da queimada. Na ter\u00e7a-feira (24), quatro filhotes \u00f3rf\u00e3os de cachorro-do-mato e dois filhotes de tapiti, tamb\u00e9m conhecidos como coelho-do-mato, foram levados \u00e0 Associa\u00e7\u00e3o Mata Ciliar.<\/p>\n\n\n\n<p>A ONG montou uma base de apoio para realizar os atendimentos aos animais encontrados pr\u00f3ximos dos focos de inc\u00eandio. No total, mais de 100 pessoas trabalham para combater as chamas desde sexta-feira (20), entre bombeiros, guardas municipais, equipes da Defesa Civil e volunt\u00e1rios.<\/p>\n\n\n\n<p>Para o Secret\u00e1rio de Obras e Meio Ambiente da cidade, as consequ\u00eancias ser\u00e3o severas.<\/p>\n\n\n\n<p>&#8220;O preju\u00edzo \u00e9 incalcul\u00e1vel. Se pegarmos a quest\u00e3o da parte de vegeta\u00e7\u00e3o, foi bem triste de ver a situa\u00e7\u00e3o. \u00c9 quase uma situa\u00e7\u00e3o p\u00f3s-guerra. Porque o fogo passou e acabou com tudo&#8221;, afirma o secret\u00e1rio Maxwell Rodrigues.<\/p>\n","protected":false},"excerpt":{"rendered":"<p>O trabalho de combate \u00e0s chamas j\u00e1 dura uma semana.<\/p>\n","protected":false},"author":25,"featured_media":81466,"comment_status":"closed","ping_status":"closed","sticky":false,"template":"","format":"standard","meta":{"footnotes":""},"categories":[3185,3569,1],"tags":[],"class_list":["post-81464","post","type-post","status-publish","format-standard","has-post-thumbnail","hentry","category-clima","category-meio-ambiente","category-noticias"],"_links":{"self":[{"href":"https:\/\/tvtecjundiai.com.br\/news\/wp-json\/wp\/v2\/posts\/81464","targetHints":{"allow":["GET"]}}],"collection":[{"href":"https:\/\/tvtecjundiai.com.br\/news\/wp-json\/wp\/v2\/posts"}],"about":[{"href":"https:\/\/tvtecjundiai.com.br\/news\/wp-json\/wp\/v2\/types\/post"}],"author":[{"embeddable":true,"href":"https:\/\/tvtecjundiai.com.br\/news\/wp-json\/wp\/v2\/users\/25"}],"replies":[{"embeddable":true,"href":"https:\/\/tvtecjundiai.com.br\/news\/wp-json\/wp\/v2\/comments?post=81464"}],"version-history":[{"count":1,"href":"https:\/\/tvtecjundiai.com.br\/news\/wp-json\/wp\/v2\/posts\/81464\/revisions"}],"predecessor-version":[{"id":81467,"href":"https:\/\/tvtecjundiai.com.br\/news\/wp-json\/wp\/v2\/posts\/81464\/revisions\/81467"}],"wp:featuredmedia":[{"embeddable":true,"href":"https:\/\/tvtecjundiai.com.br\/news\/wp-json\/wp\/v2\/media\/81466"}],"wp:attachment":[{"href":"https:\/\/tvtecjundiai.com.br\/news\/wp-json\/wp\/v2\/media?parent=81464"}],"wp:term":[{"taxonomy":"category","embeddable":true,"href":"https:\/\/tvtecjundiai.com.br\/news\/wp-json\/wp\/v2\/categories?post=81464"},{"taxonomy":"post_tag","embeddable":true,"href":"https:\/\/tvtecjundiai.com.br\/news\/wp-json\/wp\/v2\/tags?post=81464"}],"curies":[{"name":"wp","href":"https:\/\/api.w.org\/{rel}","templated":true}]}}