{"id":81508,"date":"2021-08-28T16:20:16","date_gmt":"2021-08-28T19:20:16","guid":{"rendered":"https:\/\/tvtecjundiai.com.br\/news\/?p=81508"},"modified":"2021-08-28T16:20:23","modified_gmt":"2021-08-28T19:20:23","slug":"jundiai-tem-um-obito-causado-pelo-novo-coronavirus-neste-sabado-28","status":"publish","type":"post","link":"https:\/\/tvtecjundiai.com.br\/news\/2021\/08\/28\/jundiai-tem-um-obito-causado-pelo-novo-coronavirus-neste-sabado-28\/","title":{"rendered":"Jundia\u00ed tem um \u00f3bito causado pelo Novo Coronav\u00edrus neste s\u00e1bado (28)."},"content":{"rendered":"\n<p>Homem, 50 anos, obeso. Internou 08\/08 e faleceu 28\/08 em hospital privado da cidade.<\/p>\n\n\n\n<p>At\u00e9 o momento, a cidade registra 1.551 \u00f3bitos causados pela COVID-19 desde o in\u00edcio da pandemia.<\/p>\n\n\n\n<p><\/p>\n\n\n\n<figure class=\"wp-block-image\"><img decoding=\"async\" src=\"https:\/\/jundiai.sp.gov.br\/noticias\/wp-content\/uploads\/sites\/32\/2021\/08\/slide1-28-960x960.png\" alt=\"\" class=\"wp-image-275229\" \/><\/figure>\n\n\n\n<figure class=\"wp-block-image\"><img decoding=\"async\" src=\"https:\/\/jundiai.sp.gov.br\/noticias\/wp-content\/uploads\/sites\/32\/2021\/08\/slide2-22-960x960.png\" alt=\"\" class=\"wp-image-275230\" \/><\/figure>\n\n\n\n<p><strong>Prefeitura de Jundia\u00ed<\/strong><\/p>\n","protected":false},"excerpt":{"rendered":"<p> A cidade registra 1551 \u00f3bitos desde o in\u00edcio da pandemia.<\/p>\n","protected":false},"author":19,"featured_media":81509,"comment_status":"closed","ping_status":"closed","sticky":false,"template":"","format":"standard","meta":{"footnotes":""},"categories":[29,1],"tags":[],"class_list":["post-81508","post","type-post","status-publish","format-standard","has-post-thumbnail","hentry","category-destaque","category-noticias"],"_links":{"self":[{"href":"https:\/\/tvtecjundiai.com.br\/news\/wp-json\/wp\/v2\/posts\/81508","targetHints":{"allow":["GET"]}}],"collection":[{"href":"https:\/\/tvtecjundiai.com.br\/news\/wp-json\/wp\/v2\/posts"}],"about":[{"href":"https:\/\/tvtecjundiai.com.br\/news\/wp-json\/wp\/v2\/types\/post"}],"author":[{"embeddable":true,"href":"https:\/\/tvtecjundiai.com.br\/news\/wp-json\/wp\/v2\/users\/19"}],"replies":[{"embeddable":true,"href":"https:\/\/tvtecjundiai.com.br\/news\/wp-json\/wp\/v2\/comments?post=81508"}],"version-history":[{"count":1,"href":"https:\/\/tvtecjundiai.com.br\/news\/wp-json\/wp\/v2\/posts\/81508\/revisions"}],"predecessor-version":[{"id":81510,"href":"https:\/\/tvtecjundiai.com.br\/news\/wp-json\/wp\/v2\/posts\/81508\/revisions\/81510"}],"wp:featuredmedia":[{"embeddable":true,"href":"https:\/\/tvtecjundiai.com.br\/news\/wp-json\/wp\/v2\/media\/81509"}],"wp:attachment":[{"href":"https:\/\/tvtecjundiai.com.br\/news\/wp-json\/wp\/v2\/media?parent=81508"}],"wp:term":[{"taxonomy":"category","embeddable":true,"href":"https:\/\/tvtecjundiai.com.br\/news\/wp-json\/wp\/v2\/categories?post=81508"},{"taxonomy":"post_tag","embeddable":true,"href":"https:\/\/tvtecjundiai.com.br\/news\/wp-json\/wp\/v2\/tags?post=81508"}],"curies":[{"name":"wp","href":"https:\/\/api.w.org\/{rel}","templated":true}]}}