{"id":8151,"date":"2018-03-28T11:46:28","date_gmt":"2018-03-28T14:46:28","guid":{"rendered":"https:\/\/tvtecjundiai.com.br\/news\/?p=8151"},"modified":"2018-03-28T11:46:28","modified_gmt":"2018-03-28T14:46:28","slug":"educacao-segundo-inep-provas-do-enem-2018-nao-serao-mais-dificeis","status":"publish","type":"post","link":"https:\/\/tvtecjundiai.com.br\/news\/2018\/03\/28\/educacao-segundo-inep-provas-do-enem-2018-nao-serao-mais-dificeis\/","title":{"rendered":"Educa\u00e7\u00e3o: segundo Inep, provas do Enem 2018 n\u00e3o ser\u00e3o mais dif\u00edceis"},"content":{"rendered":"<div id=\"attachment_8152\" style=\"width: 460px\" class=\"wp-caption alignright\"><a href=\"https:\/\/tvtecjundiai.com.br\/news\/wp-content\/uploads\/sites\/2\/2018\/03\/enem.jpg\"><img loading=\"lazy\" decoding=\"async\" aria-describedby=\"caption-attachment-8152\" class=\"wp-image-8152\" src=\"https:\/\/tvtecjundiai.com.br\/news\/wp-content\/uploads\/sites\/2\/2018\/03\/enem-300x200.jpg\" alt=\"\" width=\"450\" height=\"300\" srcset=\"https:\/\/tvtecjundiai.com.br\/news\/wp-content\/uploads\/sites\/2\/2018\/03\/enem-300x200.jpg 300w, https:\/\/tvtecjundiai.com.br\/news\/wp-content\/uploads\/sites\/2\/2018\/03\/enem-768x512.jpg 768w, https:\/\/tvtecjundiai.com.br\/news\/wp-content\/uploads\/sites\/2\/2018\/03\/enem-1200x800.jpg 1200w, https:\/\/tvtecjundiai.com.br\/news\/wp-content\/uploads\/sites\/2\/2018\/03\/enem.jpg 2000w\" sizes=\"auto, (max-width: 450px) 100vw, 450px\" \/><\/a><p id=\"caption-attachment-8152\" class=\"wp-caption-text\">Amplia\u00e7\u00e3o do tempo dado aos candidatos para fazer a prova no segundo dia do Enem n\u00e3o significa que o n\u00edvel de dificuldade vai aumentar<\/p><\/div>\n<p>O Instituto Nacional de Estudos e Pesquisas Educacionais An\u00edsio Teixeira (Inep) informou nesta ter\u00e7a-feira (27) que a amplia\u00e7\u00e3o do tempo dado aos candidatos para fazer a prova no segundo dia do Exame Nacional do Ensino M\u00e9dio (Enem) n\u00e3o significa que o n\u00edvel de dificuldade do exame vai aumentar. Segundo o Inep, o conte\u00fado das provas do Enem \u00e9 definido pelas Matizes de Refer\u00eancia, que est\u00e3o dispon\u00edveis no portal da institui\u00e7\u00e3o.<\/p>\n<p>\u201cO documento, de 2009, indica as habilidades que ser\u00e3o avaliadas e orienta a elabora\u00e7\u00e3o das quest\u00f5es da prova, assim como a constru\u00e7\u00e3o de escalas de profici\u00eancia que definem o que e o quanto o aluno realiza no contexto da avalia\u00e7\u00e3o\u201d, disse o instituto em nota.<\/p>\n<p>O Inep alerta aos interessados em fazer o Enem que consultem apenas os canais oficias do Inep e do Minist\u00e9rio da Educa\u00e7\u00e3o para se informar e tirar d\u00favidas sobre o exame.<\/p>\n<p>Depois da divulga\u00e7\u00e3o de que os\u00a0candidatos ter\u00e3o 30 minutos a mais\u00a0no Enem deste ano para fazer as provas de exatas, no segundo dia do exame, alguns alunos manifestaram preocupa\u00e7\u00e3o nas redes sociais sobre o poss\u00edvel endurecimento das quest\u00f5es. No entanto, o aumento do tempo\u00a0agradou professores e estudantes.<\/p>\n<p><strong>Regras<\/strong><\/p>\n<p>De acordo com o edital do Enem, o primeiro dia da prova, que re\u00fane reda\u00e7\u00e3o e quest\u00f5es de linguagens e ci\u00eancias humanas, ter\u00e1 cinco horas e meia de dura\u00e7\u00e3o e o segundo dia, com quest\u00f5es de ci\u00eancias da natureza e matem\u00e1tica, ter\u00e1 cinco horas. At\u00e9 o ano passado, o segundo dia tinha dura\u00e7\u00e3o de quatro horas e meia.<\/p>\n<p>Assim como em 2017, as provas do Enem deste ano ser\u00e3o realizadas em dois domingos seguidos: nos dias 4 e 11 de novembro. As inscri\u00e7\u00f5es para o Enem dever\u00e3o ser feitas das 10h do dia 7 de maio \u00e0s 23h59 de 18 de maio.<\/p>\n<p><em>Fonte: Ag\u00eancia Brasil<\/em><\/p>\n","protected":false},"excerpt":{"rendered":"<p>Maior tempo de prova no segundo dia do exame preocupou alunos<\/p>\n","protected":false},"author":10,"featured_media":0,"comment_status":"closed","ping_status":"closed","sticky":false,"template":"","format":"standard","meta":{"footnotes":""},"categories":[1],"tags":[1903,21,1030,5,15],"class_list":["post-8151","post","type-post","status-publish","format-standard","hentry","category-noticias","tag-brasil","tag-educacao","tag-enem","tag-jundiai","tag-tvtec"],"_links":{"self":[{"href":"https:\/\/tvtecjundiai.com.br\/news\/wp-json\/wp\/v2\/posts\/8151","targetHints":{"allow":["GET"]}}],"collection":[{"href":"https:\/\/tvtecjundiai.com.br\/news\/wp-json\/wp\/v2\/posts"}],"about":[{"href":"https:\/\/tvtecjundiai.com.br\/news\/wp-json\/wp\/v2\/types\/post"}],"author":[{"embeddable":true,"href":"https:\/\/tvtecjundiai.com.br\/news\/wp-json\/wp\/v2\/users\/10"}],"replies":[{"embeddable":true,"href":"https:\/\/tvtecjundiai.com.br\/news\/wp-json\/wp\/v2\/comments?post=8151"}],"version-history":[{"count":1,"href":"https:\/\/tvtecjundiai.com.br\/news\/wp-json\/wp\/v2\/posts\/8151\/revisions"}],"predecessor-version":[{"id":8153,"href":"https:\/\/tvtecjundiai.com.br\/news\/wp-json\/wp\/v2\/posts\/8151\/revisions\/8153"}],"wp:attachment":[{"href":"https:\/\/tvtecjundiai.com.br\/news\/wp-json\/wp\/v2\/media?parent=8151"}],"wp:term":[{"taxonomy":"category","embeddable":true,"href":"https:\/\/tvtecjundiai.com.br\/news\/wp-json\/wp\/v2\/categories?post=8151"},{"taxonomy":"post_tag","embeddable":true,"href":"https:\/\/tvtecjundiai.com.br\/news\/wp-json\/wp\/v2\/tags?post=8151"}],"curies":[{"name":"wp","href":"https:\/\/api.w.org\/{rel}","templated":true}]}}