{"id":81516,"date":"2021-08-29T09:31:21","date_gmt":"2021-08-29T12:31:21","guid":{"rendered":"https:\/\/tvtecjundiai.com.br\/news\/?p=81516"},"modified":"2021-08-29T09:31:26","modified_gmt":"2021-08-29T12:31:26","slug":"juntospelacultura-embala-o-polytheama-ao-som-do-tango","status":"publish","type":"post","link":"https:\/\/tvtecjundiai.com.br\/news\/2021\/08\/29\/juntospelacultura-embala-o-polytheama-ao-som-do-tango\/","title":{"rendered":"#JuntosPelaCultura embala o Polytheama ao som do Tango"},"content":{"rendered":"\n<p>O Teatro Polytheama ganhou ares portenhos na noite desse s\u00e1bado (28), com o espet\u00e1culo \u201cTango Instrumental\u201d do Trio Calesita, que trouxe ao p\u00fablico um repert\u00f3rio com os principais cl\u00e1ssicos do famoso ritmo musical argentino.<\/p>\n\n\n\n<p>O gestor da Unidade de Gest\u00e3o de Cultura (UGC), Marcelo Peroni, explica que esta foi a primeira atra\u00e7\u00e3o no Munic\u00edpio pelo Programa #JuntosPelaCultura2021, da Secretaria de Cultura e Economia Criativa do Estado de S\u00e3o Paulo. \u201cEm julho, Jundia\u00ed foi contemplada pelo programa no segmento \u2018Circuito SP Online\u2019, o que previa que a Cultura indicasse espa\u00e7os e estruturas para que fossem palco das atra\u00e7\u00f5es art\u00edsticas de proponentes selecionados pelo mesmo programa. Com o espet\u00e1culo do Trio Calesita demos um pontap\u00e9 inicial de muito sucesso\u201d.<\/p>\n\n\n\n<p>Conforme previsto pelo programa, o espet\u00e1culo foi tamb\u00e9m transmitido ao vivo pelo canal da Cultura no&nbsp;<a href=\"https:\/\/youtu.be\/hpTO4m0RBHY\">YouTube<\/a>.<\/p>\n\n\n\n<figure class=\"wp-block-image\"><img decoding=\"async\" src=\"https:\/\/jundiai.sp.gov.br\/noticias\/wp-content\/uploads\/sites\/32\/2021\/08\/trio-calesita_tango-instrumental-12.jpg\" alt=\"Palco de teatro est\u00e1 iluminado e nele est\u00e3o tr\u00eas pessoas, uma com violino, outra com acorde\u00e3o, outro com uma guitarra, ao lado est\u00e1 um viol\u00e3o em suporte e atr\u00e1s um piano de calda\" class=\"wp-image-275235\" \/><figcaption>Trio Calestina trouxe os ares portenhos para o Polytheama<\/figcaption><\/figure>\n\n\n\n<p>O trio \u00e9 composto por Maria Em\u00edlia Paredes (violino), Paola Gibram (acordeon) e Pedro Cury (viol\u00e3o e guitarra) e seu nome, Calesita, faz refer\u00eancia a um dos movimentos cl\u00e1ssicos desse ritmo musical, em que um dos dan\u00e7arinos faz um movimento circular ao redor do parceiro da dupla, que se mant\u00e9m parado como refer\u00eancia.&nbsp;<\/p>\n\n\n\n<p>O espet\u00e1culo tamb\u00e9m encerrou a programa\u00e7\u00e3o do M\u00eas do Patrim\u00f4nio Hist\u00f3rico e Cultural 2021, que teve o seu pontap\u00e9 inicial com o primeiro evento na reabertura do Polytheama para a presen\u00e7a de p\u00fablico. A programa\u00e7\u00e3o do M\u00eas promoveu diversas atividades presenciais e on-line ao longo de todo o m\u00eas, como palestras, mesas-redondas, visitas t\u00e9cnicas e atividades acad\u00eamicas pelo 9\u00ba Simp\u00f3sio sobre o Patrim\u00f4nio Material e Imaterial.<\/p>\n\n\n\n<p><strong>Prefeitura de Jundia\u00ed<br>Fotos: Fot\u00f3grafos PMJ<\/strong><\/p>\n","protected":false},"excerpt":{"rendered":"<p>O espet\u00e1culo encerrou a programa\u00e7\u00e3o do M\u00eas do Patrim\u00f4nio Hist\u00f3rico e Cultural.<\/p>\n","protected":false},"author":19,"featured_media":81517,"comment_status":"closed","ping_status":"closed","sticky":false,"template":"","format":"standard","meta":{"footnotes":""},"categories":[29,1],"tags":[],"class_list":["post-81516","post","type-post","status-publish","format-standard","has-post-thumbnail","hentry","category-destaque","category-noticias"],"_links":{"self":[{"href":"https:\/\/tvtecjundiai.com.br\/news\/wp-json\/wp\/v2\/posts\/81516","targetHints":{"allow":["GET"]}}],"collection":[{"href":"https:\/\/tvtecjundiai.com.br\/news\/wp-json\/wp\/v2\/posts"}],"about":[{"href":"https:\/\/tvtecjundiai.com.br\/news\/wp-json\/wp\/v2\/types\/post"}],"author":[{"embeddable":true,"href":"https:\/\/tvtecjundiai.com.br\/news\/wp-json\/wp\/v2\/users\/19"}],"replies":[{"embeddable":true,"href":"https:\/\/tvtecjundiai.com.br\/news\/wp-json\/wp\/v2\/comments?post=81516"}],"version-history":[{"count":1,"href":"https:\/\/tvtecjundiai.com.br\/news\/wp-json\/wp\/v2\/posts\/81516\/revisions"}],"predecessor-version":[{"id":81518,"href":"https:\/\/tvtecjundiai.com.br\/news\/wp-json\/wp\/v2\/posts\/81516\/revisions\/81518"}],"wp:featuredmedia":[{"embeddable":true,"href":"https:\/\/tvtecjundiai.com.br\/news\/wp-json\/wp\/v2\/media\/81517"}],"wp:attachment":[{"href":"https:\/\/tvtecjundiai.com.br\/news\/wp-json\/wp\/v2\/media?parent=81516"}],"wp:term":[{"taxonomy":"category","embeddable":true,"href":"https:\/\/tvtecjundiai.com.br\/news\/wp-json\/wp\/v2\/categories?post=81516"},{"taxonomy":"post_tag","embeddable":true,"href":"https:\/\/tvtecjundiai.com.br\/news\/wp-json\/wp\/v2\/tags?post=81516"}],"curies":[{"name":"wp","href":"https:\/\/api.w.org\/{rel}","templated":true}]}}