{"id":81522,"date":"2021-08-29T16:20:16","date_gmt":"2021-08-29T19:20:16","guid":{"rendered":"https:\/\/tvtecjundiai.com.br\/news\/?p=81522"},"modified":"2021-08-29T16:29:23","modified_gmt":"2021-08-29T19:29:23","slug":"jundiai-confirma-um-obito-neste-domingo-29","status":"publish","type":"post","link":"https:\/\/tvtecjundiai.com.br\/news\/2021\/08\/29\/jundiai-confirma-um-obito-neste-domingo-29\/","title":{"rendered":"Jundia\u00ed confirma um \u00f3bito por COVID-19 neste domingo (29)"},"content":{"rendered":"\n<p>Mulher, 53 anos, obesa e portadora de doen\u00e7a cardiovascular cr\u00f4nica. Internou 14\/08 e faleceu 28\/08 no Hospital S\u00e3o Vicente.<\/p>\n\n\n\n<p>At\u00e9 o momento, a cidade registra 1.552 \u00f3bitos causados pela COVID-19 desde o in\u00edcio da pandemia<\/p>\n\n\n\n<figure class=\"wp-block-image\"><img decoding=\"async\" src=\"https:\/\/jundiai.sp.gov.br\/noticias\/wp-content\/uploads\/sites\/32\/2021\/08\/slide1-29-960x960.png\" alt=\"\" class=\"wp-image-275240\" \/><\/figure>\n\n\n\n<figure class=\"wp-block-image\"><img decoding=\"async\" src=\"https:\/\/jundiai.sp.gov.br\/noticias\/wp-content\/uploads\/sites\/32\/2021\/08\/slide2-23-960x960.png\" alt=\"\" class=\"wp-image-275241\" \/><\/figure>\n\n\n\n<p><strong>Prefeitura de Jundia\u00ed<\/strong><\/p>\n","protected":false},"excerpt":{"rendered":"<p>At\u00e9 o momento, a cidade registra 1552 \u00f3bitos causados pela COVID-19<\/p>\n","protected":false},"author":19,"featured_media":81523,"comment_status":"closed","ping_status":"closed","sticky":false,"template":"","format":"standard","meta":{"footnotes":""},"categories":[29,1],"tags":[],"class_list":["post-81522","post","type-post","status-publish","format-standard","has-post-thumbnail","hentry","category-destaque","category-noticias"],"_links":{"self":[{"href":"https:\/\/tvtecjundiai.com.br\/news\/wp-json\/wp\/v2\/posts\/81522","targetHints":{"allow":["GET"]}}],"collection":[{"href":"https:\/\/tvtecjundiai.com.br\/news\/wp-json\/wp\/v2\/posts"}],"about":[{"href":"https:\/\/tvtecjundiai.com.br\/news\/wp-json\/wp\/v2\/types\/post"}],"author":[{"embeddable":true,"href":"https:\/\/tvtecjundiai.com.br\/news\/wp-json\/wp\/v2\/users\/19"}],"replies":[{"embeddable":true,"href":"https:\/\/tvtecjundiai.com.br\/news\/wp-json\/wp\/v2\/comments?post=81522"}],"version-history":[{"count":2,"href":"https:\/\/tvtecjundiai.com.br\/news\/wp-json\/wp\/v2\/posts\/81522\/revisions"}],"predecessor-version":[{"id":81526,"href":"https:\/\/tvtecjundiai.com.br\/news\/wp-json\/wp\/v2\/posts\/81522\/revisions\/81526"}],"wp:featuredmedia":[{"embeddable":true,"href":"https:\/\/tvtecjundiai.com.br\/news\/wp-json\/wp\/v2\/media\/81523"}],"wp:attachment":[{"href":"https:\/\/tvtecjundiai.com.br\/news\/wp-json\/wp\/v2\/media?parent=81522"}],"wp:term":[{"taxonomy":"category","embeddable":true,"href":"https:\/\/tvtecjundiai.com.br\/news\/wp-json\/wp\/v2\/categories?post=81522"},{"taxonomy":"post_tag","embeddable":true,"href":"https:\/\/tvtecjundiai.com.br\/news\/wp-json\/wp\/v2\/tags?post=81522"}],"curies":[{"name":"wp","href":"https:\/\/api.w.org\/{rel}","templated":true}]}}