{"id":81528,"date":"2021-08-30T09:13:46","date_gmt":"2021-08-30T12:13:46","guid":{"rendered":"https:\/\/tvtecjundiai.com.br\/news\/?p=81528"},"modified":"2021-08-30T09:13:48","modified_gmt":"2021-08-30T12:13:48","slug":"parque-da-cidade-passa-a-funcionar-ate-as-19h-de-segunda-a-sexta-feira","status":"publish","type":"post","link":"https:\/\/tvtecjundiai.com.br\/news\/2021\/08\/30\/parque-da-cidade-passa-a-funcionar-ate-as-19h-de-segunda-a-sexta-feira\/","title":{"rendered":"Parque da Cidade passa a funcionar at\u00e9 \u00e0s 19h de segunda a sexta-feira"},"content":{"rendered":"\n<p>A partir desta quarta-feira, dia 1\u00ba de setembro, o Parque da Cidade ter\u00e1 seu hor\u00e1rio de funcionamento ampliado. A altera\u00e7\u00e3o tem base no Decreto Municipal N\u00ba 30.288, de 19 de agosto, que regulamenta a amplia\u00e7\u00e3o do hor\u00e1rio de funcionamento de estabelecimentos e espa\u00e7os p\u00fablicos.<\/p>\n\n\n\n<p>Com isso, o Parque da Cidade passa a funcionar de segunda a sexta, das 6h30 \u00e0s 19h, com fechamento dos port\u00f5es ocorrendo \u00e0s 18h. Aos s\u00e1bados, domingos e feriados, o Parque funcionar\u00e1 das 6h30 \u00e0s 18h, com entrada permitida at\u00e9 17h.<\/p>\n\n\n\n<div class=\"wp-block-image\"><figure class=\"aligncenter size-large is-resized\"><img loading=\"lazy\" decoding=\"async\" src=\"https:\/\/tvtecjundiai.com.br\/news\/wp-content\/uploads\/sites\/2\/2021\/08\/parque_da_cidade-15-1200x800.jpg\" alt=\"\" class=\"wp-image-81529\" width=\"624\" height=\"416\" srcset=\"https:\/\/tvtecjundiai.com.br\/news\/wp-content\/uploads\/sites\/2\/2021\/08\/parque_da_cidade-15-1200x800.jpg 1200w, https:\/\/tvtecjundiai.com.br\/news\/wp-content\/uploads\/sites\/2\/2021\/08\/parque_da_cidade-15-300x200.jpg 300w, https:\/\/tvtecjundiai.com.br\/news\/wp-content\/uploads\/sites\/2\/2021\/08\/parque_da_cidade-15-768x512.jpg 768w, https:\/\/tvtecjundiai.com.br\/news\/wp-content\/uploads\/sites\/2\/2021\/08\/parque_da_cidade-15.jpg 1280w\" sizes=\"auto, (max-width: 624px) 100vw, 624px\" \/><\/figure><\/div>\n\n\n\n<p>A amplia\u00e7\u00e3o tamb\u00e9m se aplica ao aluguel de bikes realizado pelo Peama (Programa de Esportes e Atividades Motoras Adaptadas), que funciona somente aos finais de semana e feriados. Com a altera\u00e7\u00e3o, o aluguel passa a ocorrer das 9h \u00e0s 16h, com entrega da bicicleta \u00e0s 17h. Os valores \u2013 com pagamentos preferencialmente por cart\u00e3o de d\u00e9bito \u2013 s\u00e3o R$ 6,00 (bicicleta simples) e R$ 12,00 (bicicleta dupla).<\/p>\n\n\n\n<p>Cabe lembrar que o uso da m\u00e1scara continua sendo obrigat\u00f3rio nas depend\u00eancias do Parque.<\/p>\n\n\n\n<p><strong><em>(Fonte\/Imagem: Prefeitura de Jundia\u00ed)<\/em><\/strong><\/p>\n","protected":false},"excerpt":{"rendered":"<p>Aos s\u00e1bados, domingos e feriados, o Parque funcionar\u00e1 das 6h30 \u00e0s 18h, com entrada permitida at\u00e9 17h.<\/p>\n","protected":false},"author":25,"featured_media":81529,"comment_status":"closed","ping_status":"closed","sticky":false,"template":"","format":"standard","meta":{"footnotes":""},"categories":[3185,8354,1],"tags":[],"class_list":["post-81528","post","type-post","status-publish","format-standard","has-post-thumbnail","hentry","category-clima","category-lazer","category-noticias"],"_links":{"self":[{"href":"https:\/\/tvtecjundiai.com.br\/news\/wp-json\/wp\/v2\/posts\/81528","targetHints":{"allow":["GET"]}}],"collection":[{"href":"https:\/\/tvtecjundiai.com.br\/news\/wp-json\/wp\/v2\/posts"}],"about":[{"href":"https:\/\/tvtecjundiai.com.br\/news\/wp-json\/wp\/v2\/types\/post"}],"author":[{"embeddable":true,"href":"https:\/\/tvtecjundiai.com.br\/news\/wp-json\/wp\/v2\/users\/25"}],"replies":[{"embeddable":true,"href":"https:\/\/tvtecjundiai.com.br\/news\/wp-json\/wp\/v2\/comments?post=81528"}],"version-history":[{"count":1,"href":"https:\/\/tvtecjundiai.com.br\/news\/wp-json\/wp\/v2\/posts\/81528\/revisions"}],"predecessor-version":[{"id":81530,"href":"https:\/\/tvtecjundiai.com.br\/news\/wp-json\/wp\/v2\/posts\/81528\/revisions\/81530"}],"wp:featuredmedia":[{"embeddable":true,"href":"https:\/\/tvtecjundiai.com.br\/news\/wp-json\/wp\/v2\/media\/81529"}],"wp:attachment":[{"href":"https:\/\/tvtecjundiai.com.br\/news\/wp-json\/wp\/v2\/media?parent=81528"}],"wp:term":[{"taxonomy":"category","embeddable":true,"href":"https:\/\/tvtecjundiai.com.br\/news\/wp-json\/wp\/v2\/categories?post=81528"},{"taxonomy":"post_tag","embeddable":true,"href":"https:\/\/tvtecjundiai.com.br\/news\/wp-json\/wp\/v2\/tags?post=81528"}],"curies":[{"name":"wp","href":"https:\/\/api.w.org\/{rel}","templated":true}]}}